{"id":28131,"date":"2022-06-17T21:00:43","date_gmt":"2022-06-17T18:00:43","guid":{"rendered":"https:\/\/blog.englishcentral.com\/?p=28131"},"modified":"2023-11-14T11:30:50","modified_gmt":"2023-11-14T08:30:50","slug":"ingilizce-as-kullanimi-ve-asas-kalibi-konu-anlatimi","status":"publish","type":"post","link":"https:\/\/www.englishcentral.com\/blog\/ingilizce-as-kullanimi-ve-asas-kalibi-konu-anlatimi\/","title":{"rendered":"\u0130ngilizce \u2018as\u2019 Kullan\u0131m\u0131 ve \u2018as\u2026as\u2019 Kal\u0131b\u0131 Konu Anlat\u0131m\u0131"},"content":{"rendered":"<div class=\"wpb-content-wrapper\"><div class=\"vc_row wpb_row vc_row-fluid\"><div class=\"wpb_column vc_column_container vc_col-sm-12\"><div class=\"vc_column-inner\"><div class=\"wpb_wrapper\">\n\t<div class=\"wpb_text_column wpb_content_element\" >\n\t\t<div class=\"wpb_wrapper\">\n\t\t\t<h2><strong>\u0130ngilizcede \u2018as\u2019 Kullan\u0131m\u0131<\/strong><\/h2>\n<p>\u0130ngilizcede \u2018as\u2019 kelimesi \u2018gibi, olarak, i\u00e7in\u2019 anlam\u0131na gelir ancak <strong>\u2018as\u2026as\u2019<\/strong> kal\u0131b\u0131 \u015feklinde kullan\u0131ld\u0131\u011f\u0131nda farkl\u0131 anlamlar ortaya \u00e7\u0131kmaktad\u0131r.<\/p>\n<p>\u2018As\u2019 kelimesinin hangi \u015fekillerde kullan\u0131ld\u0131\u011f\u0131n\u0131 ve ne anlama geldi\u011fini \u00f6\u011frenmek i\u00e7in a\u015fa\u011f\u0131daki ba\u015fl\u0131klar\u0131 inceleyelim:<\/p>\n\n\t\t<\/div>\n\t<\/div>\n<\/div><\/div><\/div><\/div><div class=\"vc_row wpb_row vc_row-fluid\"><div class=\"wpb_column vc_column_container vc_col-sm-12\"><div class=\"vc_column-inner\"><div class=\"wpb_wrapper\"><div class=\"vc_empty_space\"   style=\"height: 10px\"><span class=\"vc_empty_space_inner\"><\/span><\/div><\/div><\/div><\/div><div class=\"wpb_column vc_column_container vc_col-sm-12\"><div class=\"vc_column-inner\"><div class=\"wpb_wrapper\">\n\t<div class=\"wpb_text_column wpb_content_element\" >\n\t\t<div class=\"wpb_wrapper\">\n\t\t\t<h2><strong>Preposition yani edat g\u00f6revinde \u2018as\u2019<\/strong><\/h2>\n<p>\u2018As\u2019, edat g\u00f6revindeyken bir isim ile beraber kullan\u0131l\u0131r ve bir i\u015f ya da \u015feyin rol\u00fcn\u00fc ya da amac\u0131n\u0131 belirtir.<\/p>\n<p>\u00d6rnekler:<\/p>\n<p>I will come to the party <strong>as<\/strong> Bob Ross. (Partiye Bob Ross olarak kat\u0131laca\u011f\u0131m.)<\/p>\n<p>I worked <strong>as<\/strong> an actress. (Oyuncu olarak \u00e7al\u0131\u015ft\u0131m.)<\/p>\n\n\t\t<\/div>\n\t<\/div>\n<\/div><\/div><\/div><div class=\"wpb_column vc_column_container vc_col-sm-12\"><div class=\"vc_column-inner\"><div class=\"wpb_wrapper\"><div class=\"vc_empty_space\"   style=\"height: 10px\"><span class=\"vc_empty_space_inner\"><\/span><\/div>\n\t<div class=\"wpb_text_column wpb_content_element\" >\n\t\t<div class=\"wpb_wrapper\">\n\t\t\t<p><a href=\"http:\/\/tr.englishcentral.com?utm_source=Blog&#038;utm_medium=Organic&#038;utm_campaign=IngilizceSarkilar\"><img decoding=\"async\" src=\"https:\/\/www.englishcentral.com\/blog\/wp-content\/uploads\/2023\/11\/In-post-ad-tr1-2.png\" alt=\"\" width=\"2000\" height=\"1000\" class=\"banner2\" \/><\/a><\/p>\n\n\t\t<\/div>\n\t<\/div>\n<div class=\"vc_empty_space\"   style=\"height: 10px\"><span class=\"vc_empty_space_inner\"><\/span><\/div><\/div><\/div><\/div><\/div><div class=\"vc_row wpb_row vc_row-fluid\"><div class=\"wpb_column vc_column_container vc_col-sm-12\"><div class=\"vc_column-inner\"><div class=\"wpb_wrapper\">\n\t<div class=\"wpb_text_column wpb_content_element\" >\n\t\t<div class=\"wpb_wrapper\">\n\t\t\t<h2><strong>Conjunction yani ba\u011fla\u00e7 g\u00f6revinde \u2018as\u2019<\/strong><\/h2>\n<p>\u2018As\u2019 ba\u011fla\u00e7 g\u00f6revindeyken iki yan c\u00fcmleyi birle\u015ftirir ve bir neden-sonu\u00e7 ili\u015fkisi ortaya \u00e7\u0131kar\u0131r.<\/p>\n<p>\u00d6rnekler:<\/p>\n<p>She got a present <strong>as<\/strong> she was the best. (En iyisi oldu\u011fundan ona hediye verildi.)<\/p>\n<p>He failed the class <strong>as<\/strong> he did not study enough. (\u00c7al\u0131\u015fmad\u0131\u011f\u0131ndan s\u0131n\u0131fta kald\u0131.)<\/p>\n\n\t\t<\/div>\n\t<\/div>\n<\/div><\/div><\/div><div class=\"wpb_column vc_column_container vc_col-sm-12\"><div class=\"vc_column-inner\"><div class=\"wpb_wrapper\"><div class=\"vc_empty_space\"   style=\"height: 10px\"><span class=\"vc_empty_space_inner\"><\/span><\/div><\/div><\/div><\/div><div class=\"wpb_column vc_column_container vc_col-sm-12\"><div class=\"vc_column-inner\"><div class=\"wpb_wrapper\">\n\t<div class=\"wpb_text_column wpb_content_element\" >\n\t\t<div class=\"wpb_wrapper\">\n\t\t\t<h2><strong>Benzerlik kurmak i\u00e7in kullan\u0131lan \u2018as\u2019<\/strong><\/h2>\n<p>\u2018As\u2018 iki \u015fey aras\u0131nda benzerli\u011fi ifade etmek i\u00e7in kullan\u0131l\u0131r.<\/p>\n<p>\u00d6rnekler:<\/p>\n<p>I have the same hair color <strong>as<\/strong> her. (Sa\u00e7 rengim onunkiyle ayn\u0131.)<\/p>\n<p>She has the same surname <strong>as<\/strong> his. (Soy ismi onunkiyle ayn\u0131.)<\/p>\n\n\t\t<\/div>\n\t<\/div>\n<\/div><\/div><\/div><div class=\"wpb_column vc_column_container vc_col-sm-12\"><div class=\"vc_column-inner\"><div class=\"wpb_wrapper\"><div class=\"vc_empty_space\"   style=\"height: 10px\"><span class=\"vc_empty_space_inner\"><\/span><\/div><\/div><\/div><\/div><div class=\"wpb_column vc_column_container vc_col-sm-12\"><div class=\"vc_column-inner\"><div class=\"wpb_wrapper\">\n\t<div class=\"wpb_text_column wpb_content_element\" >\n\t\t<div class=\"wpb_wrapper\">\n\t\t\t<h2><strong>E\u015f zamanl\u0131l\u0131k anlam\u0131 vermek i\u00e7in kullan\u0131lan \u2018as\u2018<\/strong><\/h2>\n<p>\u2018As\u2019 iki olay\u0131n ayn\u0131 anda ger\u00e7ekle\u015fti\u011fini belirtmek i\u00e7in kullan\u0131l\u0131r.<\/p>\n<p>\u00d6rnekler:<\/p>\n<p>The dog followed Jon <strong>as<\/strong> he left the house. (Jon evden \u00e7\u0131karken k\u00f6pek onu takip etti.)<\/p>\n<p>Her face got red <strong>as<\/strong> she thought of what happened. (Olanlar\u0131 d\u00fc\u015f\u00fcn\u00fcrken y\u00fcz\u00fc k\u0131zard\u0131.)<\/p>\n\n\t\t<\/div>\n\t<\/div>\n<\/div><\/div><\/div><div class=\"wpb_column vc_column_container vc_col-sm-12\"><div class=\"vc_column-inner\"><div class=\"wpb_wrapper\"><div class=\"vc_empty_space\"   style=\"height: 10px\"><span class=\"vc_empty_space_inner\"><\/span><\/div><\/div><\/div><\/div><div class=\"wpb_column vc_column_container vc_col-sm-12\"><div class=\"vc_column-inner\"><div class=\"wpb_wrapper\">\n\t<div class=\"wpb_text_column wpb_content_element\" >\n\t\t<div class=\"wpb_wrapper\">\n\t\t\t<h2><strong>\u0130ngilizcede \u2018as\u2026as\u2019 Kullan\u0131m\u0131 ve Anlam\u0131<\/strong><\/h2>\n<p><strong>\u2018as\u2026as\u2019<\/strong> kal\u0131b\u0131 \u00fc\u00e7 farkl\u0131 \u015fekilde kullan\u0131l\u0131r:<\/p>\n<p><strong>1. \u2018As + s\u0131fat\/zarf +as\u2019<\/strong> kal\u0131b\u0131 kar\u015f\u0131la\u015ft\u0131r\u0131lan iki insan\u0131n veya objenin e\u015fitli\u011fini belirtmek i\u00e7in kullan\u0131l\u0131r.<\/p>\n<p>\u00d6rnekler:<\/p>\n<p>Jon is <strong>as tall as<\/strong> his father. (Jon babas\u0131 kadar uzun.)<\/p>\n<p>The boy sings <strong>as beautifully as<\/strong> Leonard Cohen. (O\u011flan Leonard Cohen kadar g\u00fczel \u015fark\u0131 s\u00f6yl\u00fcyor.)<\/p>\n<p><strong>2. \u2018Not as +s\u0131fat\/zarf + as\u2019<\/strong> kal\u0131b\u0131 kar\u015f\u0131la\u015ft\u0131r\u0131lan iki insan\u0131n veya objenin e\u015fit olmad\u0131\u011f\u0131n\u0131 belirtmek i\u00e7in kullan\u0131l\u0131r.<\/p>\n<p>\u00d6rnekler:<\/p>\n<p>He is <strong>not as kind as<\/strong> his brother. (Karde\u015fi kadar nazik de\u011fil.)<\/p>\n<p>She is <strong>not as talented as<\/strong> she thinks. (D\u00fc\u015f\u00fcnd\u00fc\u011f\u00fc kadar yetenekli de\u011fil.)<\/p>\n\n\t\t<\/div>\n\t<\/div>\n<\/div><\/div><\/div><div class=\"wpb_column vc_column_container vc_col-sm-12\"><div class=\"vc_column-inner\"><div class=\"wpb_wrapper\"><div class=\"vc_empty_space\"   style=\"height: 10px\"><span class=\"vc_empty_space_inner\"><\/span><\/div><\/div><\/div><\/div><div class=\"wpb_column vc_column_container vc_col-sm-12\"><div class=\"vc_column-inner\"><div class=\"wpb_wrapper\">\n\t<div class=\"wpb_text_column wpb_content_element\" >\n\t\t<div class=\"wpb_wrapper\">\n\t\t\t<h2><strong>\u0130ngilizcede \u2018as much as\u2019 Kullan\u0131m\u0131 <\/strong><\/h2>\n<p><strong>\u2018As much as\u2019<\/strong> kal\u0131b\u0131 miktar \u00fczere yap\u0131lan kar\u015f\u0131la\u015ft\u0131rmalarda kullan\u0131l\u0131r. T\u00fcrk\u00e7e <strong>\u2018kadar\u2019<\/strong> \u015feklinde \u00e7evrilir.<\/p>\n<p>\u00d6rnekler:<\/p>\n<p>I don\u2019t eat <strong>as much as<\/strong> he eats. (Onun kadar \u00e7ok yemek yemiyorum.)<\/p>\n<p>I will save <strong>as much money as<\/strong> I can to buy a car. (Araba alabilmek i\u00e7in biriktirebilece\u011fim kadar \u00e7ok para biriktirece\u011fim.)<\/p>\n\n\t\t<\/div>\n\t<\/div>\n<\/div><\/div><\/div><div class=\"wpb_column vc_column_container vc_col-sm-12\"><div class=\"vc_column-inner\"><div class=\"wpb_wrapper\"><div class=\"vc_empty_space\"   style=\"height: 10px\"><span class=\"vc_empty_space_inner\"><\/span><\/div><\/div><\/div><\/div><div class=\"wpb_column vc_column_container vc_col-sm-12\"><div class=\"vc_column-inner\"><div class=\"wpb_wrapper\">\n\t<div class=\"wpb_text_column wpb_content_element\" >\n\t\t<div class=\"wpb_wrapper\">\n\t\t\t<h2><strong>\u0130ngilizcede \u2018as long as\u2019 Kullan\u0131m\u0131<\/strong><\/h2>\n<p><strong>\u2018As long as\u2019<\/strong> kal\u0131b\u0131 <strong>ko\u015ful<\/strong> anlam\u0131 verir ve T\u00fcrk\u00e7e \u2018takdirde, s\u00fcrece, oldu\u011fu s\u00fcrece, yeter ki\u2019 \u015feklinde \u00e7evrilir.<\/p>\n<p>\u00d6rnekler:<\/p>\n<p>You can come to the wedding <strong>as long as<\/strong> you don\u2019t bring any children. (\u00c7ocuk getirmedi\u011fin s\u00fcrece d\u00fc\u011f\u00fcne gelebilirsin.)<\/p>\n<p>I will pay for your ticket <strong>as long as<\/strong> you promise to do your homework. (\u00d6devlerini yapaca\u011f\u0131na s\u00f6z verdi\u011fin taktirde biletini \u00f6deyece\u011fim.)<\/p>\n\n\t\t<\/div>\n\t<\/div>\n<\/div><\/div><\/div><div class=\"wpb_column vc_column_container vc_col-sm-12\"><div class=\"vc_column-inner\"><div class=\"wpb_wrapper\"><div class=\"vc_empty_space\"   style=\"height: 32px\"><span class=\"vc_empty_space_inner\"><\/span><\/div>\n\t<div class=\"wpb_text_column wpb_content_element\" >\n\t\t<div class=\"wpb_wrapper\">\n\t\t\t<p><a href=\"http:\/\/tr.englishcentral.com?utm_source=Blog&#038;utm_medium=Organic&#038;utm_campaign=IngilizceSarkilar\"><img decoding=\"async\" src=\"https:\/\/www.englishcentral.com\/blog\/wp-content\/uploads\/2023\/11\/In-post-ad-tr2-3.png\" alt=\"\" width=\"2000\" height=\"1000\" class=\"banner2\" \/><\/a><\/p>\n\n\t\t<\/div>\n\t<\/div>\n<div class=\"vc_empty_space\"   style=\"height: 32px\"><span class=\"vc_empty_space_inner\"><\/span><\/div><\/div><\/div><\/div><div class=\"wpb_column vc_column_container vc_col-sm-12\"><div class=\"vc_column-inner\"><div class=\"wpb_wrapper\">\n\t<div class=\"wpb_text_column wpb_content_element\" >\n\t\t<div class=\"wpb_wrapper\">\n\t\t\t<h2><strong>\u0130ngilizcede \u2018just as\u2019 Kullan\u0131m\u0131<\/strong><\/h2>\n<p><strong>\u2018Just as\u2019<\/strong> ba\u011flac\u0131 \u0130ngilizcede, <strong>\u2018t\u0131pk\u0131, gibi, nas\u0131l ki, oldu\u011fu gibi, tam\u2019<\/strong> anlamlar\u0131nda kullan\u0131lmaktad\u0131r.<\/p>\n<p>\u00d6rnekler:<\/p>\n<p><strong>Just as<\/strong> I was watching the new episode, the doorbell rang. (Tam yeni b\u00f6l\u00fcm\u00fc izlerken kap\u0131 zili \u00e7ald\u0131.)<\/p>\n<p>He tries his best <strong>just as<\/strong> you do. (T\u0131pk\u0131 senin gibi elinden geldi\u011fini yap\u0131yor.)<\/p>\n\n\t\t<\/div>\n\t<\/div>\n<\/div><\/div><\/div><div class=\"wpb_column vc_column_container vc_col-sm-12\"><div class=\"vc_column-inner\"><div class=\"wpb_wrapper\"><div class=\"vc_empty_space\"   style=\"height: 10px\"><span class=\"vc_empty_space_inner\"><\/span><\/div><\/div><\/div><\/div><div class=\"wpb_column vc_column_container vc_col-sm-12\"><div class=\"vc_column-inner\"><div class=\"wpb_wrapper\">\n\t<div class=\"wpb_text_column wpb_content_element\" >\n\t\t<div class=\"wpb_wrapper\">\n\t\t\t<h2><strong>\u0130ngilizcede \u2018as far as\u2019 Kullan\u0131m\u0131<\/strong><\/h2>\n<p><strong>\u2018As far as\u2019<\/strong> kal\u0131b\u0131 T\u00fcrk\u00e7ede, <strong>\u2018kadar\u0131yla, kadar, oldu\u011fu kadar, -e g\u00f6re, -e kadar, olabildi\u011fince\u2019<\/strong> gibi anlamlara kar\u015f\u0131l\u0131k gelir.<\/p>\n<p>\u00d6rnekler:<\/p>\n<p>Jon is at school <strong>as far as<\/strong> I know. (Jon bildi\u011fim kadar\u0131yla okulda.)<\/p>\n<p><strong>As far as<\/strong> I\u2019m concerned, this meeting is over. (Bana kal\u0131rsa, toplant\u0131 bitmi\u015ftir.)<\/p>\n\n\t\t<\/div>\n\t<\/div>\n<\/div><\/div><\/div><div class=\"wpb_column vc_column_container vc_col-sm-12\"><div class=\"vc_column-inner\"><div class=\"wpb_wrapper\"><div class=\"vc_empty_space\"   style=\"height: 10px\"><span class=\"vc_empty_space_inner\"><\/span><\/div><\/div><\/div><\/div><div class=\"wpb_column vc_column_container vc_col-sm-12\"><div class=\"vc_column-inner\"><div class=\"wpb_wrapper\">\n\t<div class=\"wpb_text_column wpb_content_element\" >\n\t\t<div class=\"wpb_wrapper\">\n\t\t\t<h2><strong>\u0130ngilizcede \u2018as soon as\u2019 Kullan\u0131m\u0131<\/strong><\/h2>\n<p>\u0130ngilizcede <strong>\u2018as soon as\u2019<\/strong> kal\u0131b\u0131 bir eylemin olabildi\u011fince k\u0131sa bir zamanda halledilmesi gerekti\u011fini belirtir.<\/p>\n<p>\u00d6rnekler:<\/p>\n<p>I need you to send me an answer <strong>as soon as<\/strong> possible. (Bana en k\u0131sa zamanda bir cevap g\u00f6ndermene ihtiyac\u0131m var.)<\/p>\n<p>Call me <strong>as soon as<\/strong> you arrive. (Var\u0131r varmaz beni ara.)<\/p>\n\n\t\t<\/div>\n\t<\/div>\n<\/div><\/div><\/div><div class=\"wpb_column vc_column_container vc_col-sm-12\"><div class=\"vc_column-inner\"><div class=\"wpb_wrapper\"><div class=\"vc_empty_space\"   style=\"height: 10px\"><span class=\"vc_empty_space_inner\"><\/span><\/div><\/div><\/div><\/div><div class=\"wpb_column vc_column_container vc_col-sm-12\"><div class=\"vc_column-inner\"><div class=\"wpb_wrapper\">\n\t<div class=\"wpb_text_column wpb_content_element\" >\n\t\t<div class=\"wpb_wrapper\">\n\t\t\t<h2><strong>\u0130ngilizcede \u2018as well as\u2019 Kullan\u0131m\u0131<\/strong><\/h2>\n<p><strong>\u2018As well as\u2019<\/strong> kal\u0131b\u0131 T\u00fcrk\u00e7ede <strong>\u2018yan\u0131 s\u0131ra, oldu\u011fu gibi\u2026-da -de\u2026\u2019<\/strong> anlamlar\u0131nda kullan\u0131lmaktad\u0131r.<\/p>\n<p>\u00d6rnekler:<\/p>\n<p>I speak English <strong>as well as<\/strong> German. (\u0130ngilizcenin yan\u0131 s\u0131ra Almanca da konu\u015fuyorum.)<\/p>\n<p>You need to study for math <strong>as well as<\/strong> biology. (Biyolojinin yan\u0131 s\u0131ra Matematik de \u00e7al\u0131\u015fman laz\u0131m.)<\/p>\n\n\t\t<\/div>\n\t<\/div>\n<\/div><\/div><\/div><div class=\"wpb_column vc_column_container vc_col-sm-12\"><div class=\"vc_column-inner\"><div class=\"wpb_wrapper\"><div class=\"vc_empty_space\"   style=\"height: 10px\"><span class=\"vc_empty_space_inner\"><\/span><\/div><\/div><\/div><\/div><div class=\"wpb_column vc_column_container vc_col-sm-12\"><div class=\"vc_column-inner\"><div class=\"wpb_wrapper\">\n\t<div class=\"wpb_text_column wpb_content_element\" >\n\t\t<div class=\"wpb_wrapper\">\n\t\t\t<h2><strong>\u0130ngilizce \u2018not as\u2026as\u2019 Kullan\u0131m\u0131<\/strong><\/h2>\n<p><strong>\u2018Not as \u2026 as\u2019<\/strong> kal\u0131b\u0131 T\u00fcrk\u00e7eye <strong>\u2018onun kadar de\u011fil\u2019<\/strong> \u015feklinde \u00e7evrilmektedir. \u0130ki \u2018as\u2019 aras\u0131na \u00e7o\u011funlukla s\u0131fat kullan\u0131lmaktad\u0131r.<\/p>\n<p>\u00d6rnekler:<\/p>\n<p>The movie was <strong>not as exciting as<\/strong> the book. (Film kitap kadar heyecanl\u0131 de\u011fildi.)<\/p>\n<p>The dress was <strong>not as long as<\/strong> I expected it to be. (Elbise d\u00fc\u015f\u00fcnd\u00fc\u011f\u00fcm kadar uzun de\u011fildi.)<\/p>\n\n\t\t<\/div>\n\t<\/div>\n<\/div><\/div><\/div><div class=\"wpb_column vc_column_container vc_col-sm-12\"><div class=\"vc_column-inner\"><div class=\"wpb_wrapper\"><div class=\"vc_empty_space\"   style=\"height: 10px\"><span class=\"vc_empty_space_inner\"><\/span><\/div><\/div><\/div><\/div><div class=\"wpb_column vc_column_container vc_col-sm-12\"><div class=\"vc_column-inner\"><div class=\"wpb_wrapper\">\n\t<div class=\"wpb_text_column wpb_content_element\" >\n\t\t<div class=\"wpb_wrapper\">\n\t\t\t<h2><strong>\u0130ngilizce &#8216;As&#8217; Konusu ile \u0130lgili \u00d6rnek C\u00fcmleler<\/strong><\/h2>\n<p>I worked <strong>as<\/strong> a waitress to pay my debts. (Bor\u00e7lar\u0131m\u0131 \u00f6demek i\u00e7in garson olarak \u00e7al\u0131\u015ft\u0131m.)<\/p>\n<p>I didn\u2019t eat <strong>as<\/strong> I wasn\u2019t hungry. (A\u00e7 olmad\u0131\u011f\u0131mdan yemedim.)<\/p>\n<p>He doesn\u2019t live in the same country <strong>as<\/strong> his mother. (Annesiyle ayn\u0131 \u00fclkede ya\u015fam\u0131yor.)<\/p>\n<p>She was eating <strong>as<\/strong> they were knocking on the door. (O yemek yerken kap\u0131y\u0131 \u00e7al\u0131yorlard\u0131.)<\/p>\n<p>I look younger but I am <strong>as old as<\/strong> her. (Daha gen\u00e7 duruyorum ama onunla ayn\u0131 ya\u015ftay\u0131m.)<\/p>\n<p>They aren\u2019t <strong>as late as<\/strong> we expected. (Bekledi\u011fimiz kadar ge\u00e7 kalmad\u0131lar.)<\/p>\n<p>I will help you <strong>as much as<\/strong> I can. (Sana yard\u0131m edebildi\u011fim kadar edece\u011fim.)<\/p>\n<p>Jim will come <strong>as long as<\/strong> Jon doesn\u2019t. (Jon gelmedi\u011fi s\u00fcrece Jim gelecek.)<\/p>\n<p>I will be a teacher just <strong>as<\/strong> my brother. (T\u0131pk\u0131 karde\u015fim gibi ben de \u00f6\u011fretmen olaca\u011f\u0131m.)<\/p>\n<p><strong>As far as<\/strong> I know, this was his last book. (Bildi\u011fim kadar\u0131yla bu onun son kitab\u0131yd\u0131.)<\/p>\n<p>I need to buy a present <strong>as fast as<\/strong> possible. (M\u00fcmk\u00fcn oldu\u011funca \u00e7abuk bir hediye almam gerekiyor.)<\/p>\n<p>I know him <strong>as well as<\/strong> you do. (Onu senin kadar iyi tan\u0131yorum.)<\/p>\n<p>The car is not <strong>as expensive as<\/strong> it looks. (Araba g\u00f6z\u00fckt\u00fc\u011f\u00fc kadar pahal\u0131 de\u011fil.)<\/p>\n<p>She dressed up <strong>as<\/strong> a pumpkin for Halloween. (Cad\u0131lar Bayram\u0131 i\u00e7in balkaba\u011f\u0131 gibi giyinmi\u015f.)<\/p>\n\n\t\t<\/div>\n\t<\/div>\n<\/div><\/div><\/div><div class=\"wpb_column vc_column_container vc_col-sm-12\"><div class=\"vc_column-inner\"><div class=\"wpb_wrapper\"><div class=\"vc_empty_space\"   style=\"height: 10px\"><span class=\"vc_empty_space_inner\"><\/span><\/div><\/div><\/div><\/div><\/div><div class=\"vc_row wpb_row vc_row-fluid\"><div class=\"wpb_column vc_column_container vc_col-sm-12\"><div class=\"vc_column-inner\"><div class=\"wpb_wrapper\">\n\t<div class=\"wpb_text_column wpb_content_element\" >\n\t\t<div class=\"wpb_wrapper\">\n\t\t\t<h2><strong>\u0130ngilizcede &#8216;as&#8217; ve \u2018as&#8230;as\u2019 Kal\u0131plar\u0131 Hakk\u0131nda S\u0131k\u00e7a Sorulan Sorular<\/strong><\/h2>\n<p><strong>\u2018As soon as possible\u2019 kal\u0131b\u0131 ne zaman kullan\u0131l\u0131r?<\/strong><\/p>\n<p>Bir \u015feyin olabildi\u011fince h\u0131zl\u0131 halledilmesi gerekti\u011fini belirtmek i\u00e7in kullan\u0131l\u0131r.<\/p>\n<p><strong>\u2018As far as I\u2019m concerned\u2019 kal\u0131b\u0131 ne anlama gelir?<\/strong><\/p>\n<p>T\u00fcrk\u00e7eye \u2018bildi\u011fim kadar\u0131yla, bana g\u00f6re, bence vs.\u2019 \u015feklinde \u00e7evrilir.<\/p>\n<p><strong>\u2018As well as\u2019 kal\u0131b\u0131 ne anlama gelir ve ne zaman kullan\u0131l\u0131r?<\/strong><\/p>\n<p>T\u00fcrk\u00e7ede \u2018-de, -da\u2019 anlam\u0131na gelir ve iki \u015feyin e\u015fitli\u011fini belirtir.<\/p>\n<p><strong>\u2018Just as\u2019 kal\u0131b\u0131 T\u00fcrk\u00e7e ne anlama gelir.<\/strong><\/p>\n<p>T\u00fcrk\u00e7eye \u2018t\u0131pk\u0131, gibi, oldu\u011fu gibi\u2019 \u015feklinde \u00e7evrilir.<\/p>\n<p><script type=\"application\/ld+json\">{\"@context\":\"https:\/\/schema.org\",\"@type\":\"FAQPage\",\"mainEntity\":[{\"@type\":\"Question\",\"name\":\"\u2018As soon as possible\u2019 kal\u0131b\u0131 ne zaman kullan\u0131l\u0131r?\",\"acceptedAnswer\":{\"@type\":\"Answer\",\"text\":\"Bir \u015feyin olabildi\u011fince h\u0131zl\u0131 halledilmesi gerekti\u011fini belirtmek i\u00e7in kullan\u0131l\u0131r.\"}},{\"@type\":\"Question\",\"name\":\"\u2018As far as I\u2019m concerned\u2019 kal\u0131b\u0131 ne anlama gelir?\",\"acceptedAnswer\":{\"@type\":\"Answer\",\"text\":\"T\u00fcrk\u00e7eye \u2018bildi\u011fim kadar\u0131yla, bana g\u00f6re, bence vs.\u2019 \u015feklinde \u00e7evrilir.\"}},{\"@type\":\"Question\",\"name\":\"\u2018As well as\u2019 kal\u0131b\u0131 ne anlama gelir ve ne zaman kullan\u0131l\u0131r?\",\"acceptedAnswer\":{\"@type\":\"Answer\",\"text\":\"T\u00fcrk\u00e7ede \u2018-de, -da\u2019 anlam\u0131na gelir ve iki \u015feyin e\u015fitli\u011fini belirtir.\"}},{\"@type\":\"Question\",\"name\":\"\u2018Just as\u2019 kal\u0131b\u0131 T\u00fcrk\u00e7e ne anlama gelir.\",\"acceptedAnswer\":{\"@type\":\"Answer\",\"text\":\"T\u00fcrk\u00e7eye \u2018t\u0131pk\u0131, gibi, oldu\u011fu gibi\u2019 \u015feklinde \u00e7evrilir.<\/p>\n<p>\"}}]}<\/script><\/p>\n\n\t\t<\/div>\n\t<\/div>\n<\/div><\/div><\/div><div class=\"wpb_column vc_column_container vc_col-sm-12\"><div class=\"vc_column-inner\"><div class=\"wpb_wrapper\"><div class=\"vc_empty_space\"   style=\"height: 10px\"><span class=\"vc_empty_space_inner\"><\/span><\/div><\/div><\/div><\/div><div class=\"wpb_column vc_column_container vc_col-sm-12\"><div class=\"vc_column-inner\"><div class=\"wpb_wrapper\">\n\t<div class=\"wpb_text_column wpb_content_element\" >\n\t\t<div class=\"wpb_wrapper\">\n\t\t\t<p>\u0130ngilizce &#8216;as&#8217; ve &#8216;as&#8230;as&#8217; kal\u0131plar\u0131 ile ilgili \u00f6\u011frendiklerinizi prati\u011fe d\u00f6kmek ister misiniz? Dilerseniz EnglishCentral\u2019da bulunan 20.000\u2019den fazla interaktif video aras\u0131ndan \u0130ngilizce Dil Bilgisi konu ba\u015fl\u0131\u011f\u0131ndaki videolar\u0131 inceleyebilir, kelime da\u011farc\u0131\u011f\u0131n\u0131z\u0131 geli\u015ftirip telaffuz prati\u011fi yapabilirsiniz. Dilerseniz \u00f6\u011frendiklerinizi canl\u0131 ve birebir <a style=\"color:red\" class=\"sarki-link\" href=\"http:\/\/tr.englishcentral.com?utm_source=Blog&#038;utm_medium=Organic&#038;utm_campaign=IngilizceZamanlar\">\u0130ngilizce \u00f6zel ders<\/a> s\u0131ras\u0131nda ki\u015fisel \u0130ngilizce \u00f6\u011fretmeniniz ile tekrar edebilirsiniz. Hemen EnglishCentral\u2019a kay\u0131t olup <a style=\"color:red\" class=\"sarki-link\" href=\"http:\/\/tr.englishcentral.com?utm_source=Blog&#038;utm_medium=Organic&#038;utm_campaign=IngilizceZamanlar\">\u0130ngilizce \u00f6\u011fren<\/a>meye ba\u015flamaya ne dersiniz?<\/p>\n\n\t\t<\/div>\n\t<\/div>\n<\/div><\/div><\/div><\/div><div class=\"vc_row wpb_row vc_row-fluid\"><div class=\"wpb_column vc_column_container vc_col-sm-12\"><div class=\"vc_column-inner\"><div class=\"wpb_wrapper\">\n\t<div class=\"wpb_text_column wpb_content_element\" >\n\t\t<div class=\"wpb_wrapper\">\n\t\t\t<p><a href=\"http:\/\/tr.englishcentral.com?utm_source=Blog&#038;utm_medium=Organic&#038;utm_campaign=IngilizceSarkilar\"><img decoding=\"async\" src=\"https:\/\/www.englishcentral.com\/blog\/wp-content\/uploads\/2023\/11\/In-post-ad-tr3-2.png\" alt=\"\" width=\"2000\" height=\"1000\" class=\"banner2\" \/><\/a><\/p>\n\n\t\t<\/div>\n\t<\/div>\n<\/div><\/div><\/div><\/div><div class=\"vc_row wpb_row vc_row-fluid\"><div class=\"wpb_column vc_column_container vc_col-sm-12\"><div class=\"vc_column-inner\"><div class=\"wpb_wrapper\"><div class=\"vc_empty_space\"   style=\"height: 32px\"><span class=\"vc_empty_space_inner\"><\/span><\/div><\/div><\/div><\/div><\/div>\n<\/div>","yb_wpb_post_custom_css":""},"excerpt":{"rendered":"<p> &#8230; <a title=\"\u0130ngilizce \u2018as\u2019 Kullan\u0131m\u0131 ve \u2018as\u2026as\u2019 Kal\u0131b\u0131 Konu Anlat\u0131m\u0131\" class=\"read-more\" href=\"https:\/\/www.englishcentral.com\/blog\/ingilizce-as-kullanimi-ve-asas-kalibi-konu-anlatimi\/\" aria-label=\"More on \u0130ngilizce \u2018as\u2019 Kullan\u0131m\u0131 ve \u2018as\u2026as\u2019 Kal\u0131b\u0131 Konu Anlat\u0131m\u0131\">Read more<\/a><\/p>\n","protected":false},"author":5,"featured_media":28734,"comment_status":"open","ping_status":"open","sticky":false,"template":"","format":"standard","meta":{"footnotes":""},"categories":[28],"tags":[],"class_list":["post-28131","post","type-post","status-publish","format-standard","has-post-thumbnail","hentry","category-ingilizce-gramer","generate-columns","tablet-grid-50","mobile-grid-100","grid-parent","grid-33"],"image_url":"https:\/\/www.englishcentral.com\/blog\/wp-content\/uploads\/2022\/06\/AS-VE-AS-AS-min_11zon.jpg","author_name":"Irem Ugurlu","_links":{"self":[{"href":"https:\/\/www.englishcentral.com\/blog\/wp-json\/wp\/v2\/posts\/28131","targetHints":{"allow":["GET"]}}],"collection":[{"href":"https:\/\/www.englishcentral.com\/blog\/wp-json\/wp\/v2\/posts"}],"about":[{"href":"https:\/\/www.englishcentral.com\/blog\/wp-json\/wp\/v2\/types\/post"}],"author":[{"embeddable":true,"href":"https:\/\/www.englishcentral.com\/blog\/wp-json\/wp\/v2\/users\/5"}],"replies":[{"embeddable":true,"href":"https:\/\/www.englishcentral.com\/blog\/wp-json\/wp\/v2\/comments?post=28131"}],"version-history":[{"count":11,"href":"https:\/\/www.englishcentral.com\/blog\/wp-json\/wp\/v2\/posts\/28131\/revisions"}],"predecessor-version":[{"id":49655,"href":"https:\/\/www.englishcentral.com\/blog\/wp-json\/wp\/v2\/posts\/28131\/revisions\/49655"}],"wp:featuredmedia":[{"embeddable":true,"href":"https:\/\/www.englishcentral.com\/blog\/wp-json\/wp\/v2\/media\/28734"}],"wp:attachment":[{"href":"https:\/\/www.englishcentral.com\/blog\/wp-json\/wp\/v2\/media?parent=28131"}],"wp:term":[{"taxonomy":"category","embeddable":true,"href":"https:\/\/www.englishcentral.com\/blog\/wp-json\/wp\/v2\/categories?post=28131"},{"taxonomy":"post_tag","embeddable":true,"href":"https:\/\/www.englishcentral.com\/blog\/wp-json\/wp\/v2\/tags?post=28131"}],"curies":[{"name":"wp","href":"https:\/\/api.w.org\/{rel}","templated":true}]}}