{"id":28792,"date":"2022-07-19T21:00:51","date_gmt":"2022-07-19T18:00:51","guid":{"rendered":"https:\/\/www.englishcentral.com\/blog\/?p=28792"},"modified":"2023-11-14T10:10:24","modified_gmt":"2023-11-14T07:10:24","slug":"in-on-at-ingilizce-zaman-edatlari-detayli-konu-anlatimi","status":"publish","type":"post","link":"https:\/\/www.englishcentral.com\/blog\/in-on-at-ingilizce-zaman-edatlari-detayli-konu-anlatimi\/","title":{"rendered":"In &#8211; On &#8211; At \u0130ngilizce Zaman Edatlar\u0131 (Detayl\u0131 Konu Anlat\u0131m\u0131)"},"content":{"rendered":"<div class=\"wpb-content-wrapper\"><div class=\"vc_row wpb_row vc_row-fluid\"><div class=\"wpb_column vc_column_container vc_col-sm-12\"><div class=\"vc_column-inner\"><div class=\"wpb_wrapper\">\n\t<div class=\"wpb_text_column wpb_content_element\" >\n\t\t<div class=\"wpb_wrapper\">\n\t\t\t<p>\u201cIn\u201d, \u201con\u201d ve \u201cat\u201d edatlar\u0131 \u0130ngilizcede \u201cprepositions\u201d olarak ge\u00e7en tek ba\u015flar\u0131na hi\u00e7bir anlam ifade etmeyen ancak c\u00fcmlenin i\u00e7erisinde zaman ve yer belirtmek i\u00e7in kullan\u0131lan edatlard\u0131r. T\u00fcrk\u00e7ede bulunan \u201c-de\u201d, \u201c-da\u201d eklerinin sa\u011flad\u0131\u011f\u0131 bulunma halini \u0130ngilizcede \u201cin\u201d, \u201con\u201d ve \u201cat\u201d sa\u011flar.<\/p>\n\n\t\t<\/div>\n\t<\/div>\n<\/div><\/div><\/div><\/div><div class=\"vc_row wpb_row vc_row-fluid\"><div class=\"wpb_column vc_column_container vc_col-sm-12\"><div class=\"vc_column-inner\"><div class=\"wpb_wrapper\"><div class=\"vc_empty_space\"   style=\"height: 10px\"><span class=\"vc_empty_space_inner\"><\/span><\/div><\/div><\/div><\/div><div class=\"wpb_column vc_column_container vc_col-sm-12\"><div class=\"vc_column-inner\"><div class=\"wpb_wrapper\">\n\t<div class=\"wpb_text_column wpb_content_element\" >\n\t\t<div class=\"wpb_wrapper\">\n\t\t\t<h2><strong>In &#8211; On &#8211; At \u0130ngilizcede Nas\u0131l Kullan\u0131l\u0131r?<\/strong><\/h2>\n<p>T\u00fcrk\u00e7ede de oldu\u011fu gibi c\u00fcmlenin i\u00e7inde edatlar zarflar\u0131n \u00f6n\u00fcne gelir. \u00d6rne\u011fin T\u00fcrk\u00e7ede \u201cSaat sekizde evdeydim.\u201d c\u00fcmlesinde \u201csekizde\u201d anlam\u0131n\u0131 \u0130ngilizcede yakalayabilmek i\u00e7in \u201cI was at home at eight o\u2019clock.\u201d c\u00fcmlesinin i\u00e7inde ge\u00e7en \u201cat\u201d edat\u0131ndan yararlan\u0131r\u0131z. Ayn\u0131 \u015fekilde bir olay\u0131n ge\u00e7ti\u011fi belirli bir zaman diliminden bahsetmek i\u00e7in \u201cin\u201d edat\u0131ndan da yararlanabiliriz. \u00d6rne\u011fin, T\u00fcrk\u00e7ede \u201cK\u0131\u015f\u0131n kar ya\u011far.\u201d c\u00fcmlesini \u0130ngilizceye \u00e7evirmek istersek \u201cIt snows in the winter.\u201d olarak \u00e7eviririz. \u201cOn\u201d edat\u0131 ise genellikle tarih belirtmek i\u00e7in kullan\u0131l\u0131r. Mesela T\u00fcrk\u00e7ede \u201cBu kitab\u0131 cuma g\u00fcn\u00fc okudum.\u201d c\u00fcmlesi \u0130ngilizcede \u201cI read this book on friday.\u201d diye \u00e7evrilir. A\u015fa\u011f\u0131da sizler i\u00e7in \u201cin\u201d, \u201con\u201d ve \u201cat\u201d edatlar\u0131n\u0131n kullan\u0131m yerleriyle birlikte nas\u0131l kullan\u0131ld\u0131klar\u0131n\u0131 detayl\u0131 bir \u015fekilde a\u00e7\u0131klad\u0131k.<\/p>\n\n\t\t<\/div>\n\t<\/div>\n<\/div><\/div><\/div><div class=\"wpb_column vc_column_container vc_col-sm-12\"><div class=\"vc_column-inner\"><div class=\"wpb_wrapper\"><div class=\"vc_empty_space\"   style=\"height: 10px\"><span class=\"vc_empty_space_inner\"><\/span><\/div><\/div><\/div><\/div><\/div><div class=\"vc_row wpb_row vc_row-fluid\"><div class=\"wpb_column vc_column_container vc_col-sm-12\"><div class=\"vc_column-inner\"><div class=\"wpb_wrapper\">\n\t<div class=\"wpb_text_column wpb_content_element\" >\n\t\t<div class=\"wpb_wrapper\">\n\t\t\t<h2><strong>\u0130ngilizcede In Kullan\u0131m\u0131 ve \u00d6rnekleri<\/strong><\/h2>\n<p>\u201cIn\u201d edat\u0131 \u0130ngilizcede kullan\u0131ld\u0131\u011f\u0131nda T\u00fcrk\u00e7ede kelimenin bulunma halinin c\u00fcmleye katt\u0131\u011f\u0131 anlam\u0131, \u201c-de, -da, -te, -ta\u201d anlamlar\u0131n\u0131, katar. Kelime anlam\u0131 olarak \u201ci\u00e7inde\u201d anlam\u0131na gelir ve \u0130ngilizcede \u00e7o\u011funlukla zaman belirtmek amac\u0131yla kullan\u0131l\u0131r. \u201cIn\u201d edat\u0131n\u0131 kullanarak belirtilen zamanlar genellikle spesifik zamanlar de\u011fil, belirli bir zaman b\u00f6l\u00fcm\u00fcn\u00fc kapsar. \u201cIn\u201d edat\u0131n\u0131n nas\u0131l kullan\u0131ld\u0131\u011f\u0131n\u0131 daha iyi anlamak i\u00e7in a\u015fa\u011f\u0131daki ba\u015fl\u0131klar\u0131 inceleyelim:<\/p>\n\n\t\t<\/div>\n\t<\/div>\n<div class=\"vc_empty_space\"   style=\"height: 10px\"><span class=\"vc_empty_space_inner\"><\/span><\/div><\/div><\/div><\/div><div class=\"wpb_column vc_column_container vc_col-sm-12\"><div class=\"vc_column-inner\"><div class=\"wpb_wrapper\">\n\t<div class=\"wpb_text_column wpb_content_element\" >\n\t\t<div class=\"wpb_wrapper\">\n\t\t\t<p><a href=\"http:\/\/tr.englishcentral.com?utm_source=Blog&#038;utm_medium=Organic&#038;utm_campaign=IngilizceSarkilar\"><img decoding=\"async\" src=\"https:\/\/www.englishcentral.com\/blog\/wp-content\/uploads\/2023\/11\/In-post-ad-tr1-2.png\" alt=\"\" width=\"2000\" height=\"1000\" class=\"banner2\" \/><\/a><\/p>\n\n\t\t<\/div>\n\t<\/div>\n<\/div><\/div><\/div><div class=\"wpb_column vc_column_container vc_col-sm-12\"><div class=\"vc_column-inner\"><div class=\"wpb_wrapper\"><div class=\"vc_empty_space\"   style=\"height: 10px\"><span class=\"vc_empty_space_inner\"><\/span><\/div>\n\t<div class=\"wpb_text_column wpb_content_element\" >\n\t\t<div class=\"wpb_wrapper\">\n\t\t\t<h2><strong>Aylarda In Kullan\u0131m\u0131<\/strong><\/h2>\n<p>Herhangi bir ay i\u00e7erisinde ger\u00e7ekle\u015fen bir olay ya da durumdan bahsederken \u201cIn\u201d edat\u0131 kullan\u0131l\u0131r. Gramatik yap\u0131 olarak \u201cIn\u201d edat\u0131 c\u00fcmlelerin i\u00e7erisinde ay isimlerinden \u00f6nce gelir. \u00d6rne\u011fin:<\/p>\n<p>I was born in June.<br \/>\n(Haziran ay\u0131nda do\u011fdum.)<\/p>\n<p>Our school starts in September.<br \/>\n(Okulumuz Eyl\u00fcl ay\u0131nda ba\u015fl\u0131yor.<\/p>\n<p>I will be back in October.<br \/>\n(Ekim ay\u0131nda geri d\u00f6nm\u00fc\u015f olaca\u011f\u0131m.)<\/p>\n<p>She stays in her home in November.<br \/>\n(O Kas\u0131m ay\u0131nda kendi evinde kal\u0131yor.)<\/p>\n<p>We will see each other in May.<br \/>\n(Birbirimizi May\u0131s ay\u0131nda g\u00f6rece\u011fiz.)<\/p>\n<p>They are graduating in August.<br \/>\n(Onlar A\u011fustos ay\u0131nda mezun oluyor.)<\/p>\n<p>He won\u2019t be here in April.<br \/>\n(O Nisan ay\u0131nda burada olmayacak.)<\/p>\n\n\t\t<\/div>\n\t<\/div>\n<\/div><\/div><\/div><div class=\"wpb_column vc_column_container vc_col-sm-12\"><div class=\"vc_column-inner\"><div class=\"wpb_wrapper\"><div class=\"vc_empty_space\"   style=\"height: 10px\"><span class=\"vc_empty_space_inner\"><\/span><\/div><\/div><\/div><\/div><div class=\"wpb_column vc_column_container vc_col-sm-12\"><div class=\"vc_column-inner\"><div class=\"wpb_wrapper\">\n\t<div class=\"wpb_text_column wpb_content_element\" >\n\t\t<div class=\"wpb_wrapper\">\n\t\t\t<h2><strong>Haftalarda In Kullan\u0131m\u0131<\/strong><\/h2>\n<p>\u201cIn\u201d edat\u0131n\u0131n belirtti\u011fi zamanlar aras\u0131nda haftalar da vard\u0131r. Bir hafta ya da birka\u00e7 haftalar i\u00e7erisinde ge\u00e7en olaylar\u0131 ya da durumlar\u0131 belirtmek i\u00e7in \u201cin\u201d edat\u0131 kullan\u0131l\u0131r. Gramatik yap\u0131 olarak \u201cin\u201d edat\u0131 c\u00fcmle i\u00e7inde haftalardan \u00f6nce kullan\u0131l\u0131r. \u00d6rne\u011fin:<\/p>\n<p>My sister is going to be born in three weeks.<br \/>\n(K\u0131z karde\u015fim \u00fc\u00e7 hafta sonra do\u011fmu\u015f olacak.)<\/p>\n<p>We will meet in four weeks.<br \/>\n(D\u00f6rt haftaya bulu\u015faca\u011f\u0131z.)<\/p>\n<p>She finished her project in two weeks.<br \/>\n(O projesini iki haftada bitirdi.)<\/p>\n<p>I am graduating in six weeks!<br \/>\n(Alt\u0131 haftaya mezun oluyorum!)<\/p>\n<p>Our kitten has grown up in eight weeks.<br \/>\n(Yavru kedimiz sekiz haftada b\u00fcy\u00fcd\u00fc.)<\/p>\n<p>In three weeks I will be gone.<br \/>\n(\u00dc\u00e7 haftaya gitmi\u015f olaca\u011f\u0131m.)<\/p>\n<p>They are going on a vacation in a week.<br \/>\n(Bir haftaya tatile \u00e7\u0131kacaklar.)<\/p>\n\n\t\t<\/div>\n\t<\/div>\n<\/div><\/div><\/div><div class=\"wpb_column vc_column_container vc_col-sm-12\"><div class=\"vc_column-inner\"><div class=\"wpb_wrapper\"><div class=\"vc_empty_space\"   style=\"height: 10px\"><span class=\"vc_empty_space_inner\"><\/span><\/div><\/div><\/div><\/div><div class=\"wpb_column vc_column_container vc_col-sm-12\"><div class=\"vc_column-inner\"><div class=\"wpb_wrapper\">\n\t<div class=\"wpb_text_column wpb_content_element\" >\n\t\t<div class=\"wpb_wrapper\">\n\t\t\t<h2><strong>Mevsimlerde In Kullan\u0131m\u0131<\/strong><\/h2>\n<p>\u201cIn\u201d edat\u0131 \u0130ngilizcede belirli mevsimlerde olan olaylar\u0131 veya durumlar\u0131 tarif etmek i\u00e7in kullan\u0131l\u0131r. C\u00fcmlenin i\u00e7erisinde \u201cin\u201d edat\u0131 mevsim isimlerinden \u00f6nce gelir. \u00d6rne\u011fin:<\/p>\n<p>Our school ends in winter.<br \/>\n(Okulumuz k\u0131\u015f\u0131n bitiyor.)<\/p>\n<p>She will be flying to Florida in summer.<br \/>\n(O yaz\u0131n Florida\u2019ya u\u00e7acak.)<\/p>\n<p>I wish we could swim in fall.<br \/>\n(Ke\u015fke sonbaharda y\u00fczebilsek.)<\/p>\n<p>I am starting my new job in spring.<br \/>\n(Yeni i\u015fime baharda ba\u015fl\u0131yorum.)<\/p>\n<p>You won\u2019t be here in winter.<br \/>\n(Sen k\u0131\u015f\u0131n burada olmayacaks\u0131n.)<\/p>\n<p>We are going to our summer house in summer.<br \/>\n(Yaz\u0131n yazl\u0131\u011f\u0131m\u0131za gidiyoruz.)<\/p>\n<p>He is going to be four years old in fall.<br \/>\n(O sonbaharda d\u00f6rt ya\u015f\u0131nda olacak.)<\/p>\n\n\t\t<\/div>\n\t<\/div>\n<\/div><\/div><\/div><div class=\"wpb_column vc_column_container vc_col-sm-12\"><div class=\"vc_column-inner\"><div class=\"wpb_wrapper\"><div class=\"vc_empty_space\"   style=\"height: 10px\"><span class=\"vc_empty_space_inner\"><\/span><\/div><\/div><\/div><\/div><div class=\"wpb_column vc_column_container vc_col-sm-12\"><div class=\"vc_column-inner\"><div class=\"wpb_wrapper\">\n\t<div class=\"wpb_text_column wpb_content_element\" >\n\t\t<div class=\"wpb_wrapper\">\n\t\t\t<h2><strong>Y\u0131llarda In Kullan\u0131m\u0131<\/strong><\/h2>\n<p>Y\u0131llardan ya da belirli y\u0131l aral\u0131klar\u0131ndan bahsederken \u0130ngilizcede \u201cin\u201d edat\u0131 kullan\u0131l\u0131r. \u201cIn\u201d edat\u0131 c\u00fcmle i\u00e7inde kullan\u0131l\u0131rken y\u0131llardan \u00f6nce gelir. \u00d6rne\u011fin:<\/p>\n<p>I was born in 2001.<br \/>\n(Ben 2001 y\u0131l\u0131nda do\u011fdum.)<\/p>\n<p>We stayed together in the 1980s.<br \/>\n(1980\u2019lerde birlikte ya\u015f\u0131yorduk.)<\/p>\n<p>He will move abroad in 2024.<br \/>\n(O 2024 y\u0131l\u0131nda yurt d\u0131\u015f\u0131na ta\u015f\u0131nacak.)<\/p>\n<p>She wants to travel the world in two years.<br \/>\n(\u0130ki seneye d\u00fcnyay\u0131 dola\u015fmak istiyor.)<\/p>\n<p>I will move to my new apartment in a year.<br \/>\n(Bir seneye yeni apartman\u0131ma ta\u015f\u0131naca\u011f\u0131m.)<\/p>\n<p>We used to eat in this restaurant a lot in 1999.<br \/>\n(Biz 1999 y\u0131l\u0131nda bu restorantta \u00e7ok yemek yerdik.)<\/p>\n<p>I plan to change my job in two years.<br \/>\n(\u0130ki seneye i\u015fimi de\u011fi\u015ftirmeyi planl\u0131yorum.<\/p>\n\n\t\t<\/div>\n\t<\/div>\n<\/div><\/div><\/div><div class=\"wpb_column vc_column_container vc_col-sm-12\"><div class=\"vc_column-inner\"><div class=\"wpb_wrapper\"><div class=\"vc_empty_space\"   style=\"height: 10px\"><span class=\"vc_empty_space_inner\"><\/span><\/div><\/div><\/div><\/div><div class=\"wpb_column vc_column_container vc_col-sm-12\"><div class=\"vc_column-inner\"><div class=\"wpb_wrapper\">\n\t<div class=\"wpb_text_column wpb_content_element\" >\n\t\t<div class=\"wpb_wrapper\">\n\t\t\t<h2><strong>\u00d6\u011flen, Sabah, Ak\u015fam Zamanlar\u0131nda In Kullan\u0131m\u0131<\/strong><\/h2>\n<p>G\u00fcn\u00fcn \u00fc\u00e7 vakti olan \u201cmorning\u201d (sabah), \u201cafternoon\u201d (\u00f6\u011fleden sonra) ve \u201cevening\u201d (ak\u015fam) olan kelimelerin ge\u00e7ti\u011fi c\u00fcmlelerde \u201cin\u201d edat\u0131 kullan\u0131l\u0131r. \u201cIn\u201d edat\u0131 c\u00fcmle i\u00e7inde \u201cmorning\u201d, \u201cafternoon\u201d ve \u201cevening\u201d kelimelerinden \u00f6nce kullan\u0131l\u0131r. \u00d6rne\u011fin:<\/p>\n<p>I brush my teeth in the mornings.<br \/>\n(Sabahlar\u0131 di\u015flerimi f\u0131r\u00e7alar\u0131m.)<\/p>\n<p>She will take a shower in the evening.<br \/>\n(O, ak\u015fam du\u015f alacak.)<\/p>\n<p>We will arrive in the afternoon tomorrow.<br \/>\n(Yar\u0131n \u00f6\u011fleden sonra varm\u0131\u015f olaca\u011f\u0131z.)<\/p>\n<p>In the evening I like to go on walks.<br \/>\n(Ak\u015famlar\u0131 y\u00fcr\u00fcy\u00fc\u015fe \u00e7\u0131kmay\u0131 severim.)<\/p>\n<p>They are not fond of getting outside in the morning.<br \/>\n(Onlar sabahlar\u0131 d\u0131\u015far\u0131 \u00e7\u0131kmay\u0131 sevmezler.)<\/p>\n<p>He will come over in the afternoon today.<br \/>\n(O bug\u00fcn \u00f6\u011fleden sonra bize gelecek.)<\/p>\n<p>I won\u2019t visit my aunt in the evening.<br \/>\n(Ak\u015fam teyzemi ziyaret etmeyece\u011fim.)<\/p>\n\n\t\t<\/div>\n\t<\/div>\n<\/div><\/div><\/div><div class=\"wpb_column vc_column_container vc_col-sm-12\"><div class=\"vc_column-inner\"><div class=\"wpb_wrapper\"><div class=\"vc_empty_space\"   style=\"height: 32px\"><span class=\"vc_empty_space_inner\"><\/span><\/div><\/div><\/div><\/div><div class=\"wpb_column vc_column_container vc_col-sm-12\"><div class=\"vc_column-inner\"><div class=\"wpb_wrapper\">\n\t<div class=\"wpb_text_column wpb_content_element\" >\n\t\t<div class=\"wpb_wrapper\">\n\t\t\t<h2><strong>\u0130ngilizcede On Kullan\u0131m\u0131 ve \u00d6rnekleri <\/strong><\/h2>\n<p>\u201cOn\u201d edat\u0131 \u0130ngilizcede genellikle tarih belirtmek i\u00e7in kullan\u0131lan bir edatt\u0131r. C\u00fcmle i\u00e7inde ge\u00e7en tarihlere g\u00f6re \u201con\u201d edat\u0131n\u0131n nas\u0131l kullan\u0131ld\u0131\u011f\u0131n\u0131 a\u015fa\u011f\u0131daki ba\u015fl\u0131klarda detayl\u0131 bir \u015fekilde sizler i\u00e7in a\u00e7\u0131klad\u0131k.<\/p>\n\n\t\t<\/div>\n\t<\/div>\n<\/div><\/div><\/div><div class=\"wpb_column vc_column_container vc_col-sm-12\"><div class=\"vc_column-inner\"><div class=\"wpb_wrapper\"><div class=\"vc_empty_space\"   style=\"height: 10px\"><span class=\"vc_empty_space_inner\"><\/span><\/div><\/div><\/div><\/div><div class=\"wpb_column vc_column_container vc_col-sm-12\"><div class=\"vc_column-inner\"><div class=\"wpb_wrapper\">\n\t<div class=\"wpb_text_column wpb_content_element\" >\n\t\t<div class=\"wpb_wrapper\">\n\t\t\t<h2><strong>Kesin Tarihlerden \u00d6nceki On Kullan\u0131m\u0131<\/strong><\/h2>\n<p>Kesin tarihler olarak bahsedilen tarihler g\u00fcn, ay ve y\u0131l bilgilerini i\u00e7eren tarihlerdir. Kesin tarihleri kullanarak kurulan c\u00fcmlelerde \u201con\u201d edat\u0131 kullan\u0131l\u0131r. \u201cOn\u201d edat\u0131 c\u00fcmle i\u00e7inde tarihlerden \u00f6nce gelir. \u00d6rne\u011fin:<\/p>\n<p>I was born on June 27, 2001.<br \/>\n(27 Haziran 2001 tarihinde do\u011fdum.)<\/p>\n<p>Our vacation starts on August 15, 2022.<br \/>\n(Tatilimiz 15 A\u011fustos 2022 tarihinde ba\u015fl\u0131yor.)<\/p>\n<p>On May 4, 1998 we visited France.<br \/>\n(4 May\u0131s 1998 tarihinde Fransa\u2019y\u0131 ziyaret etmi\u015ftik.)<\/p>\n<p>Are you free on September 17, 2022?<br \/>\n(17 Eyl\u00fcl 2022 tarihinde m\u00fcsait misin?)<\/p>\n<p>I will visit my grandmother on October 21, 2023.<br \/>\n(B\u00fcy\u00fck annemi 21 Ekim 2023 tarihinde ziyaret edece\u011fim.)<\/p>\n<p>She will stay with her aunt on November 7, 2022.<br \/>\n(O 7 Kas\u0131m 2022 tarihinde teyzesiyle kalacak.)<\/p>\n<p>Maybe we can go to the cinema on December 30, 2022?<br \/>\n(Belki 30 Aral\u0131k 2022 tarihinde sinemaya gidebiliriz?)<\/p>\n\n\t\t<\/div>\n\t<\/div>\n<div class=\"vc_empty_space\"   style=\"height: 10px\"><span class=\"vc_empty_space_inner\"><\/span><\/div><\/div><\/div><\/div><div class=\"wpb_column vc_column_container vc_col-sm-12\"><div class=\"vc_column-inner\"><div class=\"wpb_wrapper\">\n\t<div class=\"wpb_text_column wpb_content_element\" >\n\t\t<div class=\"wpb_wrapper\">\n\t\t\t<p><a href=\"http:\/\/tr.englishcentral.com?utm_source=Blog&#038;utm_medium=Organic&#038;utm_campaign=IngilizceSarkilar\"><img decoding=\"async\" src=\"https:\/\/www.englishcentral.com\/blog\/wp-content\/uploads\/2023\/11\/In-post-ad-tr2-3.png\" alt=\"\" width=\"2000\" height=\"1000\" class=\"banner2\" \/><\/a><\/p>\n\n\t\t<\/div>\n\t<\/div>\n<\/div><\/div><\/div><div class=\"wpb_column vc_column_container vc_col-sm-12\"><div class=\"vc_column-inner\"><div class=\"wpb_wrapper\"><div class=\"vc_empty_space\"   style=\"height: 10px\"><span class=\"vc_empty_space_inner\"><\/span><\/div>\n\t<div class=\"wpb_text_column wpb_content_element\" >\n\t\t<div class=\"wpb_wrapper\">\n\t\t\t<h2><strong>Haftan\u0131n G\u00fcnlerinden \u00d6nceki On Kullan\u0131m\u0131<\/strong><\/h2>\n<p>\u201cOn\u201d edat\u0131 belirli bir g\u00fcnde olmu\u015f olan olaylar\u0131 ya da durumlar\u0131 belirtmek i\u00e7in c\u00fcmle i\u00e7inde kullan\u0131l\u0131r. \u201cOn\u201d edat\u0131 c\u00fcmlenin i\u00e7inde g\u00fcnlerden \u00f6nce gelir.<\/p>\n<p>We are going to go out on Saturday.<br \/>\n(Cumartesi g\u00fcn\u00fc d\u0131\u015far\u0131 \u00e7\u0131kaca\u011f\u0131z.)<\/p>\n<p>Do you want to come over on Friday?<br \/>\n(Cuma g\u00fcn\u00fc bize gelmek ister misin?)<\/p>\n<p>Mom, can I go to my friend\u2019s birthday party on Tuesday?<br \/>\n(Anne, sal\u0131 g\u00fcn\u00fc arkada\u015f\u0131m\u0131n do\u011fum g\u00fcn\u00fc partisine gidebilir miyim?)<\/p>\n<p>I always go to the park on Wednesdays.<br \/>\n(Her \u00e7ar\u015famba parka giderim.)<\/p>\n<p>I have a dentist appointment on Thursday.<br \/>\n(Per\u015fembe g\u00fcn\u00fc di\u015f\u00e7i randevum var.)<\/p>\n<p>I don\u2019t like to leave my apartment on Sundays.<br \/>\n(Pazar g\u00fcnleri apartman\u0131ndan d\u0131\u015far\u0131 \u00e7\u0131kmay\u0131 sevmem.)<\/p>\n<p>Everybody is moody on Mondays.<br \/>\n(Herkes pazartesileri mutsuzdur.)<\/p>\n\n\t\t<\/div>\n\t<\/div>\n<\/div><\/div><\/div><div class=\"wpb_column vc_column_container vc_col-sm-12\"><div class=\"vc_column-inner\"><div class=\"wpb_wrapper\"><div class=\"vc_empty_space\"   style=\"height: 10px\"><span class=\"vc_empty_space_inner\"><\/span><\/div><\/div><\/div><\/div><div class=\"wpb_column vc_column_container vc_col-sm-12\"><div class=\"vc_column-inner\"><div class=\"wpb_wrapper\">\n\t<div class=\"wpb_text_column wpb_content_element\" >\n\t\t<div class=\"wpb_wrapper\">\n\t\t\t<h2><strong>\u0130ngilizcede At Kullan\u0131m\u0131 ve \u00d6rnekleri<\/strong><\/h2>\n<p>\u201cAt\u201d edat\u0131 \u0130ngilizcede genellikle kesin zaman dilimlerinden veya kesin tarihlerden bahsetmek i\u00e7in kullan\u0131l\u0131r. Farkl\u0131 zamanlar i\u00e7in nas\u0131l \u201cat\u201d edat\u0131n\u0131n kullan\u0131ld\u0131\u011f\u0131n\u0131 a\u015fa\u011f\u0131da farkl\u0131 ba\u015fl\u0131klarda sizler i\u00e7in a\u00e7\u0131klad\u0131k.<\/p>\n\n\t\t<\/div>\n\t<\/div>\n<\/div><\/div><\/div><div class=\"wpb_column vc_column_container vc_col-sm-12\"><div class=\"vc_column-inner\"><div class=\"wpb_wrapper\"><div class=\"vc_empty_space\"   style=\"height: 10px\"><span class=\"vc_empty_space_inner\"><\/span><\/div><\/div><\/div><\/div><div class=\"wpb_column vc_column_container vc_col-sm-12\"><div class=\"vc_column-inner\"><div class=\"wpb_wrapper\">\n\t<div class=\"wpb_text_column wpb_content_element\" >\n\t\t<div class=\"wpb_wrapper\">\n\t\t\t<h2><strong>Kesin Bir Saati Belirtirken At Kullan\u0131m\u0131<\/strong><\/h2>\n<p>Kesin bir saatten bahsederken \u201cat\u201d edat\u0131 kullan\u0131l\u0131r. Kesin zamanlardan bahsedildi\u011fi c\u00fcmlelerde \u201cat\u201d edat\u0131 bahsedilen saatin \u00f6n\u00fcne gelir. \u00d6rne\u011fin:<\/p>\n<p>My school starts at seven o\u2019clock.<br \/>\n(Okulum saat yedide ba\u015fl\u0131yor.)<\/p>\n<p>I get off from work at six o\u2019clock.<br \/>\n(\u0130\u015ften saat alt\u0131da \u00e7\u0131k\u0131yorum.)<\/p>\n<p>She went to sleep at five o\u2019clock yesterday.<br \/>\n(O d\u00fcn gece saat be\u015fte uyudu.)<\/p>\n<p>You woke me up at four o\u2019clock for this?<br \/>\n(Beni saat d\u00f6rtte bunun i\u00e7in mi uyand\u0131rd\u0131n?)<\/p>\n<p>Why don\u2019t we go there at three o\u2019clock?<br \/>\n(Neden oraya saat \u00fc\u00e7te gitmiyoruz?)<\/p>\n<p>Don\u2019t tell me we had to be there at two o\u2019clock.<br \/>\n(Sak\u0131n bana orada saat ikide olmam\u0131z gerekti\u011fini s\u00f6yleme.)<\/p>\n<p>He is going to pick me up from home at one o\u2019clock.<br \/>\n(O beni saat birde evden alacak.)<\/p>\n\n\t\t<\/div>\n\t<\/div>\n<\/div><\/div><\/div><div class=\"wpb_column vc_column_container vc_col-sm-12\"><div class=\"vc_column-inner\"><div class=\"wpb_wrapper\"><div class=\"vc_empty_space\"   style=\"height: 10px\"><span class=\"vc_empty_space_inner\"><\/span><\/div><\/div><\/div><\/div><div class=\"wpb_column vc_column_container vc_col-sm-12\"><div class=\"vc_column-inner\"><div class=\"wpb_wrapper\">\n\t<div class=\"wpb_text_column wpb_content_element\" >\n\t\t<div class=\"wpb_wrapper\">\n\t\t\t<h2><strong>G\u00fcn \u0130\u00e7indeki Kesin Zaman Dilimi Belirtirken At Kullan\u0131m\u0131<\/strong><\/h2>\n<p>G\u00fcn i\u00e7erisindeki kesin zaman dilimlerinden bahsederken \u201cat\u201d edat\u0131 kullan\u0131l\u0131r. G\u00fcn i\u00e7erisindeki kesin zaman dilimleri: g\u00fcn bat\u0131m\u0131, g\u00fcn do\u011fumu, kahvalt\u0131 zaman\u0131, uyku zaman\u0131 gibi dilimlerdir. Bunlar gibi zamanlardan bahsederken \u201cat\u201d edat\u0131 bu zaman dilimlerinin \u00f6n\u00fcnde bulunur.<\/p>\n<p>She told me everything at breakfast time.<br \/>\n(O bana her \u015feyi kahvalt\u0131da anlatt\u0131.)<\/p>\n<p>We will meet in the forest at sunset.<br \/>\n(G\u00fcn bat\u0131m\u0131nda ormanda bulu\u015faca\u011f\u0131z.)<\/p>\n<p>She won\u2019t be with us at sunrise.<br \/>\n(G\u00fcn do\u011fumunda o bizimle olmayacak.)<\/p>\n<p>At dinner time, everyone gets off their phones.<br \/>\n(Yemek zaman\u0131nda herkes telefonlar\u0131n\u0131 b\u0131rak\u0131r.)<\/p>\n<p>I wish you were here at lunch time.<br \/>\n(Ke\u015fke \u00f6\u011fle yeme\u011fi zaman\u0131nda burada olsayd\u0131n.)<\/p>\n<p>They are going to go to the mall at noon.<br \/>\n(Onlar \u00f6\u011flen al\u0131\u015fveri\u015f merkezine gidecekler.)<\/p>\n<p>I hate to be away from you at midnight.<br \/>\n(Gece yar\u0131s\u0131 senden uzak kalmaktan nefret ediyorum.)<\/p>\n\n\t\t<\/div>\n\t<\/div>\n<\/div><\/div><\/div><div class=\"wpb_column vc_column_container vc_col-sm-12\"><div class=\"vc_column-inner\"><div class=\"wpb_wrapper\"><div class=\"vc_empty_space\"   style=\"height: 10px\"><span class=\"vc_empty_space_inner\"><\/span><\/div><\/div><\/div><\/div><div class=\"wpb_column vc_column_container vc_col-sm-12\"><div class=\"vc_column-inner\"><div class=\"wpb_wrapper\">\n\t<div class=\"wpb_text_column wpb_content_element\" >\n\t\t<div class=\"wpb_wrapper\">\n\t\t\t<h2><strong>\u00d6zel Kutlama G\u00fcnlerinde At Kullan\u0131m\u0131<\/strong><\/h2>\n<p>Baz\u0131 \u00f6zel kutlama g\u00fcnlerinden bahsederken c\u00fcmlenin i\u00e7inde \u201cat\u201d edat\u0131 kullan\u0131l\u0131r. \u201cOn\u201d edat\u0131n\u0131n beraber kullan\u0131ld\u0131\u011f\u0131 \u00f6zel g\u00fcnlerin aksine \u201cat\u201d edat\u0131n\u0131n birlikte kullan\u0131ld\u0131\u011f\u0131 \u00f6zel kutlama g\u00fcnlerinde g\u00fcn\u00fcn sonunda \u201cday\u201d kelimesi olmas\u0131 gerekmez. Bunun gibi c\u00fcmlelerde \u201cat\u201d edat\u0131 \u00f6zel kutlama g\u00fcnlerinden \u00f6nce gelir. \u00d6rne\u011fin:<\/p>\n<p>We will go to our hometown at Christmas.<br \/>\n(Noel\u2019de evimizin oldu\u011fu \u015fehre gidece\u011fiz.)<\/p>\n<p>It is important for Muslims to fast at Ramadan.<br \/>\n(M\u00fcsl\u00fcmanlar i\u00e7in Ramazan\u2019da oru\u00e7 tutmak \u00e7ok \u00f6nemlidir.)<\/p>\n<p>People paint eggs in different colors at Easter.<br \/>\n(Paskalya\u2019da insanlar yumurtalar\u0131 farkl\u0131 renklere boyar.)<\/p>\n\n\t\t<\/div>\n\t<\/div>\n<\/div><\/div><\/div><div class=\"wpb_column vc_column_container vc_col-sm-12\"><div class=\"vc_column-inner\"><div class=\"wpb_wrapper\"><div class=\"vc_empty_space\"   style=\"height: 10px\"><span class=\"vc_empty_space_inner\"><\/span><\/div><\/div><\/div><\/div><div class=\"wpb_column vc_column_container vc_col-sm-12\"><div class=\"vc_column-inner\"><div class=\"wpb_wrapper\">\n\t<div class=\"wpb_text_column wpb_content_element\" >\n\t\t<div class=\"wpb_wrapper\">\n\t\t\t<h2><strong>\u0130ngilizce Zaman Edatlar\u0131 ile Soru Nas\u0131l Sorulur?<\/strong><\/h2>\n<p>\u0130ngilizcede baz\u0131 soru kal\u0131plar\u0131n\u0131n ge\u00e7ti\u011fi c\u00fcmlelere cevap verilece\u011fi zaman cevab\u0131n i\u00e7inde zaman edatlar\u0131 olan \u201cin, on ve at\u201d edatlar\u0131 kullan\u0131l\u0131r. Bu kal\u0131plar\u0131n aras\u0131nda en \u00e7ok kullan\u0131lan kal\u0131plar \u201cwhat time\u201d (ne zaman) ve \u201cwhen\u201d (ne zaman) kal\u0131plar\u0131d\u0131r. A\u015fa\u011f\u0131da sizler i\u00e7in bu sorular\u0131 ve cevaplar\u0131n\u0131n \u00f6rneklerini listeledik.<br \/>\nWhat time does your class start?<br \/>\n(Dersin ne zaman ba\u015fl\u0131yor?)<\/p>\n<p>My class starts at twelve o\u2019clock.<br \/>\n(Dersim saat on ikide ba\u015fl\u0131yor.)<\/p>\n<p>When does your plane take off?<br \/>\n(U\u00e7a\u011f\u0131n ne zaman kalk\u0131yor?)<\/p>\n<p>My plane takes off at seven o\u2019clock.<br \/>\n(U\u00e7a\u011f\u0131m saat yedide kalk\u0131yor.)<\/p>\n<p>When does it usually rain?<br \/>\n(Genelde ne zaman ya\u011fmur ya\u011far.)<\/p>\n<p>It usually rains in the fall.<br \/>\n(Genelde sonbaharda ya\u011fmur ya\u011far.)<\/p>\n<p>When do you have breakfast?<br \/>\n(Ne zaman kahvalt\u0131 yapars\u0131n?)<\/p>\n<p>I have breakfast in the morning.<br \/>\n(Sabahlar\u0131 kahvalt\u0131 yapar\u0131m.)<\/p>\n<p>When people buy gifts for their mothers?<br \/>\n(\u0130nsanlar annelerine ne zaman hediye al\u0131r?)<\/p>\n<p>People buy gifts for their mothers on Mother&#8217;s Day.<br \/>\n(\u0130nsanlar annelerine anneler g\u00fcn\u00fcnde hediye al\u0131r.)<\/p>\n<p>When is the graduation party?<br \/>\n(Mezuniyet partisi ne zaman?)<\/p>\n<p>The graduation party is on Saturday.<br \/>\n(Mezuniyet partisi cumartesi g\u00fcn\u00fc.)<\/p>\n\n\t\t<\/div>\n\t<\/div>\n<\/div><\/div><\/div><div class=\"wpb_column vc_column_container vc_col-sm-12\"><div class=\"vc_column-inner\"><div class=\"wpb_wrapper\"><div class=\"vc_empty_space\"   style=\"height: 10px\"><span class=\"vc_empty_space_inner\"><\/span><\/div><\/div><\/div><\/div><div class=\"wpb_column vc_column_container vc_col-sm-12\"><div class=\"vc_column-inner\"><div class=\"wpb_wrapper\">\n\t<div class=\"wpb_text_column wpb_content_element\" >\n\t\t<div class=\"wpb_wrapper\">\n\t\t\t<h2><strong>In &#8211; On &#8211; At Edatlar\u0131 Hakk\u0131nda S\u0131k Sorulan Sorular<\/strong><\/h2>\n<p><strong>Aylar\u0131n \u00f6n\u00fcne in mi on mu?<\/strong><\/p>\n<p>Aylar\u0131n \u00f6n\u00fcnde \u201cin\u201d edat\u0131 kullan\u0131l\u0131r.<\/p>\n<p><strong>Y\u0131llarda in mi on mu?<\/strong><\/p>\n<p>Y\u0131llarda \u201cin\u201d edat\u0131 kullan\u0131l\u0131r.<\/p>\n<p><strong>In, on ne zaman kullan\u0131l\u0131r?<\/strong><\/p>\n<p>\u201cIn\u201d edat\u0131 haftalarda, aylarda, mevsimlerde ve y\u0131llarda kullan\u0131l\u0131rken \u201con\u201d edat\u0131 daha spesifik tarihlerde kullan\u0131l\u0131r.<\/p>\n<p><strong>\u00dclkelerden \u00f6nce in mi gelir?<\/strong><\/p>\n<p>\u00dclkelerden \u00f6nce \u201cin\u201d edat\u0131 kullan\u0131l\u0131r.<\/p>\n<p><script type=\"application\/ld+json\">{\"@context\":\"https:\/\/schema.org\",\"@type\":\"FAQPage\",\"mainEntity\":[{\"@type\":\"Question\",\"name\":\"Aylar\u0131n \u00f6n\u00fcne in mi on mu?\",\"acceptedAnswer\":{\"@type\":\"Answer\",\"text\":\"Aylar\u0131n \u00f6n\u00fcnde \u201cin\u201d edat\u0131 kullan\u0131l\u0131r.\"}},{\"@type\":\"Question\",\"name\":\"Y\u0131llarda in mi on mu?\",\"acceptedAnswer\":{\"@type\":\"Answer\",\"text\":\"Y\u0131llarda \u201cin\u201d edat\u0131 kullan\u0131l\u0131r.\"}},{\"@type\":\"Question\",\"name\":\"In, on ne zaman kullan\u0131l\u0131r?\",\"acceptedAnswer\":{\"@type\":\"Answer\",\"text\":\"\u201cIn\u201d edat\u0131 haftalarda, aylarda, mevsimlerde ve y\u0131llarda kullan\u0131l\u0131rken \u201con\u201d edat\u0131 daha spesifik tarihlerde kullan\u0131l\u0131r.\"}},{\"@type\":\"Question\",\"name\":\"\u00dclkelerden \u00f6nce in mi gelir?\",\"acceptedAnswer\":{\"@type\":\"Answer\",\"text\":\"\u00dclkelerden \u00f6nce \u201cin\u201d edat\u0131 kullan\u0131l\u0131r.\"}}]}<\/script><\/p>\n\n\t\t<\/div>\n\t<\/div>\n<\/div><\/div><\/div><div class=\"wpb_column vc_column_container vc_col-sm-12\"><div class=\"vc_column-inner\"><div class=\"wpb_wrapper\"><div class=\"vc_empty_space\"   style=\"height: 10px\"><span class=\"vc_empty_space_inner\"><\/span><\/div><\/div><\/div><\/div><div class=\"wpb_column vc_column_container vc_col-sm-12\"><div class=\"vc_column-inner\"><div class=\"wpb_wrapper\">\n\t<div class=\"wpb_text_column wpb_content_element\" >\n\t\t<div class=\"wpb_wrapper\">\n\t\t\t<p>\u0130ngilizce In &#8211; On &#8211; At Konu Anlat\u0131m\u0131 ile ilgili \u00f6\u011frendiklerinizi prati\u011fe d\u00f6kmek ister misiniz? Dilerseniz EnglishCentral\u2019da bulunan 15.000\u2019den fazla interaktif video derslerini inceleyebilir, kelime daarc\u0131\u011f\u0131n\u0131z\u0131 geli\u015ftirip telaffuz prati\u011fi yapabilirsiniz. Dilerseniz \u00f6\u011frendiklerinizi canl\u0131 ve birebir <a href=\"http:\/\/tr.englishcentral.com?utm_source=Blog&#038;utm_medium=Organic&#038;utm_campaign=IngilizceGramer\">\u0130ngilizce \u00f6zel ders<\/a> s\u0131ras\u0131nda ki\u015fisel \u0130ngilizce \u00f6\u011fretmeniniz ile tekrar edebilirsiniz. Hemen EnglishCentral\u2019a kay\u0131t olup <a href=\"http:\/\/tr.englishcentral.com?utm_source=Blog&#038;utm_medium=Organic&#038;utm_campaign=IngilizceGramer\">\u0130ngilizce \u00f6\u011fren<\/a>meye ba\u015flamaya ne dersiniz?<\/p>\n\n\t\t<\/div>\n\t<\/div>\n<\/div><\/div><\/div><div class=\"wpb_column vc_column_container vc_col-sm-12\"><div class=\"vc_column-inner\"><div class=\"wpb_wrapper\"><div class=\"vc_empty_space\"   style=\"height: 10px\"><span class=\"vc_empty_space_inner\"><\/span><\/div><\/div><\/div><\/div><\/div><div class=\"vc_row wpb_row vc_row-fluid\"><div class=\"wpb_column vc_column_container vc_col-sm-12\"><div class=\"vc_column-inner\"><div class=\"wpb_wrapper\">\n\t<div class=\"wpb_text_column wpb_content_element\" >\n\t\t<div class=\"wpb_wrapper\">\n\t\t\t<p><a href=\"http:\/\/tr.englishcentral.com?utm_source=Blog&#038;utm_medium=Organic&#038;utm_campaign=IngilizceSarkilar\"><img decoding=\"async\" src=\"https:\/\/www.englishcentral.com\/blog\/wp-content\/uploads\/2023\/11\/In-post-ad-tr3-2.png\" alt=\"\" width=\"2000\" height=\"1000\" class=\"banner2\" \/><\/a><\/p>\n\n\t\t<\/div>\n\t<\/div>\n<\/div><\/div><\/div><\/div>\n<\/div>","yb_wpb_post_custom_css":""},"excerpt":{"rendered":"<p> &#8230; <a title=\"In &#8211; On &#8211; At \u0130ngilizce Zaman Edatlar\u0131 (Detayl\u0131 Konu Anlat\u0131m\u0131)\" class=\"read-more\" href=\"https:\/\/www.englishcentral.com\/blog\/in-on-at-ingilizce-zaman-edatlari-detayli-konu-anlatimi\/\" aria-label=\"More on In &#8211; On &#8211; At \u0130ngilizce Zaman Edatlar\u0131 (Detayl\u0131 Konu Anlat\u0131m\u0131)\">Read more<\/a><\/p>\n","protected":false},"author":5,"featured_media":29758,"comment_status":"open","ping_status":"open","sticky":false,"template":"","format":"standard","meta":{"footnotes":""},"categories":[28],"tags":[],"class_list":["post-28792","post","type-post","status-publish","format-standard","has-post-thumbnail","hentry","category-ingilizce-gramer","generate-columns","tablet-grid-50","mobile-grid-100","grid-parent","grid-33"],"image_url":"https:\/\/www.englishcentral.com\/blog\/wp-content\/uploads\/2022\/07\/in-on-at-min_11zon.jpg","author_name":"Irem Ugurlu","_links":{"self":[{"href":"https:\/\/www.englishcentral.com\/blog\/wp-json\/wp\/v2\/posts\/28792","targetHints":{"allow":["GET"]}}],"collection":[{"href":"https:\/\/www.englishcentral.com\/blog\/wp-json\/wp\/v2\/posts"}],"about":[{"href":"https:\/\/www.englishcentral.com\/blog\/wp-json\/wp\/v2\/types\/post"}],"author":[{"embeddable":true,"href":"https:\/\/www.englishcentral.com\/blog\/wp-json\/wp\/v2\/users\/5"}],"replies":[{"embeddable":true,"href":"https:\/\/www.englishcentral.com\/blog\/wp-json\/wp\/v2\/comments?post=28792"}],"version-history":[{"count":17,"href":"https:\/\/www.englishcentral.com\/blog\/wp-json\/wp\/v2\/posts\/28792\/revisions"}],"predecessor-version":[{"id":49619,"href":"https:\/\/www.englishcentral.com\/blog\/wp-json\/wp\/v2\/posts\/28792\/revisions\/49619"}],"wp:featuredmedia":[{"embeddable":true,"href":"https:\/\/www.englishcentral.com\/blog\/wp-json\/wp\/v2\/media\/29758"}],"wp:attachment":[{"href":"https:\/\/www.englishcentral.com\/blog\/wp-json\/wp\/v2\/media?parent=28792"}],"wp:term":[{"taxonomy":"category","embeddable":true,"href":"https:\/\/www.englishcentral.com\/blog\/wp-json\/wp\/v2\/categories?post=28792"},{"taxonomy":"post_tag","embeddable":true,"href":"https:\/\/www.englishcentral.com\/blog\/wp-json\/wp\/v2\/tags?post=28792"}],"curies":[{"name":"wp","href":"https:\/\/api.w.org\/{rel}","templated":true}]}}