{"id":34015,"date":"2022-11-03T16:00:30","date_gmt":"2022-11-03T13:00:30","guid":{"rendered":"https:\/\/www.englishcentral.com\/blog\/?p=34015"},"modified":"2023-11-15T14:36:21","modified_gmt":"2023-11-15T11:36:21","slug":"ingilizce-yaz-tatili-anlatma-ve-ingilizce-tatil-cumleleri","status":"publish","type":"post","link":"https:\/\/www.englishcentral.com\/blog\/ingilizce-yaz-tatili-anlatma-ve-ingilizce-tatil-cumleleri\/","title":{"rendered":"\u0130ngilizce Yaz Tatili Anlatma ve \u0130ngilizce Tatil C\u00fcmleleri"},"content":{"rendered":"<div class=\"wpb-content-wrapper\"><div class=\"vc_row wpb_row vc_row-fluid\"><div class=\"wpb_column vc_column_container vc_col-sm-12\"><div class=\"vc_column-inner\"><div class=\"wpb_wrapper\">\n\t<div class=\"wpb_text_column wpb_content_element\" >\n\t\t<div class=\"wpb_wrapper\">\n\t\t\t<p>\u0130ngilizce yaz tatili nas\u0131l anlat\u0131l\u0131r? \u0130ngilizce yaz tatilinden nas\u0131l bahsedilir? Bu ve benzeri sorular \u0130ngilizce \u00f6\u011frenen ki\u015filer taraf\u0131ndan s\u0131kl\u0131kla soruluyor. Sizler i\u00e7in bu yaz\u0131m\u0131zda \u0130ngilizcede yaz tatilinizden nas\u0131l bahsedebilece\u011finizi \u00f6rneklerle a\u00e7\u0131klad\u0131k.<\/p>\n\n\t\t<\/div>\n\t<\/div>\n<\/div><\/div><\/div><\/div><div class=\"vc_row wpb_row vc_row-fluid\"><div class=\"wpb_column vc_column_container vc_col-sm-12\"><div class=\"vc_column-inner\"><div class=\"wpb_wrapper\"><div class=\"vc_empty_space\"   style=\"height: 10px\"><span class=\"vc_empty_space_inner\"><\/span><\/div><\/div><\/div><\/div><div class=\"wpb_column vc_column_container vc_col-sm-12\"><div class=\"vc_column-inner\"><div class=\"wpb_wrapper\">\n\t<div class=\"wpb_text_column wpb_content_element\" >\n\t\t<div class=\"wpb_wrapper\">\n\t\t\t<h2><strong>\u0130ngilizce Tatil Nas\u0131l Anlat\u0131l\u0131r?<\/strong><\/h2>\n<p>\u0130ngilizce yaz tatilinin kompozisyon \u015feklinde anlat\u0131lmas\u0131 ak\u0131c\u0131l\u0131k bak\u0131m\u0131ndan daha uygun olacakt\u0131r. Bunun i\u00e7in yaz tatilinizi anlat\u0131rken giri\u015f, geli\u015fme ve sonu\u00e7 b\u00f6l\u00fcmleri olu\u015fturmal\u0131s\u0131n\u0131z. Giri\u015f b\u00f6l\u00fcm\u00fcnde nereye gitti\u011finizden, geli\u015fme b\u00f6l\u00fcm\u00fcnde nereleri gezdi\u011finizden ve neler hissetti\u011finizden, sonu\u00e7 b\u00f6l\u00fcm\u00fcnde ise tatilin nas\u0131l sonland\u0131\u011f\u0131ndan ve k\u0131saca nas\u0131l ge\u00e7ti\u011finden bahsedilir.<\/p>\n\n\t\t<\/div>\n\t<\/div>\n<\/div><\/div><\/div><div class=\"wpb_column vc_column_container vc_col-sm-12\"><div class=\"vc_column-inner\"><div class=\"wpb_wrapper\"><div class=\"vc_empty_space\"   style=\"height: 10px\"><span class=\"vc_empty_space_inner\"><\/span><\/div><\/div><\/div><\/div><\/div><div class=\"vc_row wpb_row vc_row-fluid\"><div class=\"wpb_column vc_column_container vc_col-sm-12\"><div class=\"vc_column-inner\"><div class=\"wpb_wrapper\">\n\t<div class=\"wpb_text_column wpb_content_element\" >\n\t\t<div class=\"wpb_wrapper\">\n\t\t\t<p><a href=\"http:\/\/tr.englishcentral.com?utm_source=Blog&#038;utm_medium=Organic&#038;utm_campaign=IngilizceSarkilar\"><img decoding=\"async\" src=\"https:\/\/www.englishcentral.com\/blog\/wp-content\/uploads\/2023\/11\/In-post-ad-tr1-2.png\" alt=\"\" width=\"2000\" height=\"1000\" class=\"banner2\" \/><\/a><\/p>\n\n\t\t<\/div>\n\t<\/div>\n<\/div><\/div><\/div><div class=\"wpb_column vc_column_container vc_col-sm-12\"><div class=\"vc_column-inner\"><div class=\"wpb_wrapper\"><div class=\"vc_empty_space\"   style=\"height: 10px\"><span class=\"vc_empty_space_inner\"><\/span><\/div><\/div><\/div><\/div><\/div><div class=\"vc_row wpb_row vc_row-fluid\"><div class=\"wpb_column vc_column_container vc_col-sm-12\"><div class=\"vc_column-inner\"><div class=\"wpb_wrapper\">\n\t<div class=\"wpb_text_column wpb_content_element\" >\n\t\t<div class=\"wpb_wrapper\">\n\t\t\t<h2><strong>\u0130ngilizce Yaz Tatili Plan\u0131 Nas\u0131l Anlat\u0131l\u0131r?<\/strong><\/h2>\n<p>\u0130ngilizcede yaz tatili planlar\u0131ndan nas\u0131l bahsedilece\u011fini g\u00f6rmek i\u00e7in a\u015fa\u011f\u0131da \u00e7evirileriyle birlikte yer alan \u00f6rnekleri inceleyebilirsiniz.<\/p>\n<p><strong>Viyana\u2019da Yaz Tatili Plan\u0131 \u0130ngilizce Anlat\u0131m \u00d6rne\u011fi<br \/>\nI will go to Vienna for two weeks for the summer vacation with my sister. We will go there by plane, and we will stay at a hotel close to the river. My sister told me to pack my bathing suit because we will swim in the river. There are many places to visit in Vienna, I want to see the local places of Vienna besides the tourist attractions. I hope two weeks will be enough to see the beauties of Vienna. When I visit somewhere, I prefer to try local food. Therefore, we will go to the famous local restaurants in Vienna in the evenings. We will use public transportation to get around the city. In the second week of our vacation, we will tour the whole city by bike. My sister wants to write a blog about our vacation, so I will bring my camera to take great pictures for her blog.<\/strong><\/p>\n<p>(Yaz tatili i\u00e7in iki haftal\u0131\u011f\u0131na k\u0131z karde\u015fimle Viyana&#8217;ya gidece\u011fim. Oraya u\u00e7akla gidece\u011fiz ve nehre yak\u0131n bir otelde kalaca\u011f\u0131z. K\u0131z karde\u015fim nehirde y\u00fczece\u011fimiz i\u00e7in mayomu yan\u0131ma almam\u0131 s\u00f6yledi. Viyana&#8217;da gezilecek \u00e7ok yer var, turistik yerlerin yan\u0131 s\u0131ra Viyana&#8217;n\u0131n yerel yerlerini de g\u00f6rmek istiyorum. Umar\u0131m Viyana&#8217;n\u0131n g\u00fczelliklerini g\u00f6rmek i\u00e7in iki hafta yeterli olur. Bir yere gitti\u011fimde y\u00f6resel yemekleri denemeyi tercih ederim. Bu nedenle ak\u015famlar\u0131 Viyana&#8217;daki \u00fcnl\u00fc yerel restoranlara gidece\u011fiz. \u015eehri gezmek i\u00e7in toplu ta\u015f\u0131ma ara\u00e7lar\u0131n\u0131 kullanaca\u011f\u0131z. Tatilimizin ikinci haftas\u0131nda t\u00fcm \u015fehri bisikletle gezece\u011fiz. K\u0131z karde\u015fim tatilimiz hakk\u0131nda bir blog yazmak istiyor, bu y\u00fczden blogu i\u00e7in harika foto\u011fraflar \u00e7ekmek i\u00e7in foto\u011fraf makinemi getirece\u011fim.)<\/p>\n<p><strong>Eski\u015fehir&#8217;de Yaz Tatili Plan\u0131 \u0130ngilizce Anlat\u0131m \u00d6rne\u011fi<br \/>\nNext month, I will visit my best friend who lives in Eski\u015fehir. I will stay at his house for a month, and we will spend time together. I know that Eski\u015fehir isn\u2019t the best choice for a summer vacation, but I miss my best friend and want to spend some time with him. Also, I can\u2019t swim so I don\u2019t prefer to visit coastal cities on my vacations. My friend has to work on weekdays, so I will meet him in the evenings, and he will take me to his favourite restaurants. On weekends, we will have picnics and my friend will show me the tourist attractions of the city. We will go to Porsuk Brook and Sazova Park. We will spend our evenings in the street of bars on weekends. My friend and I both like dancing and singing, so we\u2019ll go to karaoke bars and clubs together.<br \/>\n<\/strong><br \/>\n(\u00d6n\u00fcm\u00fczdeki ay Eski\u015fehir&#8217;de ya\u015fayan en yak\u0131n arkada\u015f\u0131m\u0131 ziyaret edece\u011fim. Bir ay onun evinde kalaca\u011f\u0131m ve birlikte vakit ge\u00e7irece\u011fiz. Eski\u015fehir&#8217;in yaz tatili i\u00e7in pek iyi bir se\u00e7im olmad\u0131\u011f\u0131n\u0131 biliyorum ama en yak\u0131n arkada\u015f\u0131m\u0131 \u00f6zl\u00fcyorum ve onunla biraz vakit ge\u00e7irmek istiyorum. Ayr\u0131ca y\u00fczme bilmedi\u011fim i\u00e7in tatillerimde k\u0131y\u0131 \u015fehirlerine gitmeyi tercih etmiyorum. Arkada\u015f\u0131m hafta i\u00e7i \u00e7al\u0131\u015fmak zorunda, bu y\u00fczden ak\u015famlar\u0131 onunla bulu\u015faca\u011f\u0131m ve beni en sevdi\u011fi restoranlara g\u00f6t\u00fcrecek. Hafta sonlar\u0131 piknik yapaca\u011f\u0131z ve arkada\u015f\u0131m bana \u015fehrin turistik yerlerini g\u00f6sterecek. Porsuk \u00c7ay\u0131 ve Sazova Park\u0131&#8217;na gidece\u011fiz. Hafta sonlar\u0131 ak\u015famlar\u0131m\u0131z\u0131 barlar soka\u011f\u0131nda ge\u00e7irece\u011fiz. Arkada\u015f\u0131m ve ben dans etmeyi ve \u015fark\u0131 s\u00f6ylemeyi seviyoruz bu y\u00fczden birlikte karaoke barlara ve kul\u00fcplere gidece\u011fiz.)<\/p>\n\n\t\t<\/div>\n\t<\/div>\n<\/div><\/div><\/div><div class=\"wpb_column vc_column_container vc_col-sm-12\"><div class=\"vc_column-inner\"><div class=\"wpb_wrapper\"><div class=\"vc_empty_space\"   style=\"height: 10px\"><span class=\"vc_empty_space_inner\"><\/span><\/div><\/div><\/div><\/div><\/div><div class=\"vc_row wpb_row vc_row-fluid\"><div class=\"wpb_column vc_column_container vc_col-sm-12\"><div class=\"vc_column-inner\"><div class=\"wpb_wrapper\">\n\t<div class=\"wpb_text_column wpb_content_element\" >\n\t\t<div class=\"wpb_wrapper\">\n\t\t\t<h2><strong>\u0130ngilizce Yaz Tatili An\u0131 \u00d6rnekleri<\/strong><\/h2>\n<p>Yaz tatilinizden an\u0131lar\u0131 nas\u0131l anlatabilece\u011finizi g\u00f6rmek i\u00e7in a\u015fa\u011f\u0131da T\u00fcrk\u00e7e \u00e7evirileriyle birlikte yer alan \u00f6rnekleri inceleyelim.<\/p>\n<p><strong>\u0130ngilizce Yaz Tatili An\u0131 \u00d6rne\u011fi 1<br \/>\nLast month, my parents and I went to Istanbul for two weeks. My brother couldn\u2019t join us because he had other plans with his girlfriend. So, I took lots of photos during our Istanbul trip to show to my brother. We stayed at my aunt\u2019s house in Istanbul. I really enjoyed spending time with my cousins. We used public transportation to get around the city, we also got on the ferry. We live in Ankara, which is an inland city, so I was happy to be able to swim in the sea and spend time at the beach. My parents went out in the evenings to spend time together and I met my online friends who live in Istanbul. It was a wonderful vacation for me because I made lots of memories with my friends and family.<\/strong><\/p>\n<p>(Ge\u00e7en ay ailem ve ben iki haftal\u0131\u011f\u0131na \u0130stanbul&#8217;a gittik. Abim k\u0131z arkada\u015f\u0131yla ba\u015fka planlar\u0131 oldu\u011fu i\u00e7in bize kat\u0131lamad\u0131. Bu y\u00fczden \u0130stanbul gezimiz boyunca abime g\u00f6stermek i\u00e7in bol bol foto\u011fraf \u00e7ektim. \u0130stanbul&#8217;da halam\u0131n evinde kald\u0131k. Kuzenlerimle vakit ge\u00e7irmekten ger\u00e7ekten keyif ald\u0131m. \u015eehri dola\u015fmak i\u00e7in toplu ta\u015f\u0131ma ara\u00e7lar\u0131n\u0131 kulland\u0131k, ayr\u0131ca vapura da bindik. Bir i\u00e7 \u015fehir olan Ankara&#8217;da ya\u015f\u0131yoruz, bu y\u00fczden denizde y\u00fczebildi\u011fim ve kumsalda vakit ge\u00e7irebildi\u011fim i\u00e7in mutluydum. Ailem ak\u015famlar\u0131 birlikte vakit ge\u00e7irmek i\u00e7in d\u0131\u015far\u0131 \u00e7\u0131kt\u0131, ben de internetten tan\u0131\u015ft\u0131\u011f\u0131m \u0130stanbullu arkada\u015flar\u0131mla bulu\u015ftum. Benim i\u00e7in harika bir tatildi \u00e7\u00fcnk\u00fc arkada\u015flar\u0131m ve ailemle bir\u00e7ok an\u0131 biriktirdim.)<\/p>\n<p><strong>\u0130ngilizce Yaz Tatili An\u0131 \u00d6rne\u011fi 2<br \/>\nLast summer, I went to Nice, a coastal city located in the south of France. I went there on my own because I wanted to spend some time alone and rest my head. I stayed at a hotel for a week. There are lots of historical sites and tourist attractions in Nice. My vacation felt like a few hours to me. On the first day of my vacation, I walked along the famous seafront walkway and tried local dishes in restaurants. I spent the rest of my vacation at pebble beaches and nice cafes. Artisan shops were enchanting, and I bought many souvenirs for my friends and family.<\/strong><\/p>\n<p>(Ge\u00e7en yaz Fransa&#8217;n\u0131n g\u00fcneyinde bulunan bir sahil kenti olan Nice&#8217;e gittim. Oraya tek ba\u015f\u0131ma gittim \u00e7\u00fcnk\u00fc biraz yaln\u0131z vakit ge\u00e7irmek ve kafam\u0131 dinlemek istiyordum. Bir hafta otelde kald\u0131m. Nice&#8217;de \u00e7ok say\u0131da tarihi yer ve turistik yer var. Tatilim bana birka\u00e7 saat gibi geldi. Tatilimin ilk g\u00fcn\u00fc sahildeki \u00fcnl\u00fc y\u00fcr\u00fcy\u00fc\u015f yolunda y\u00fcr\u00fcd\u00fcm ve restoranlarda y\u00f6resel yemekleri denedim. Tatilimin geri kalan\u0131n\u0131 \u00e7ak\u0131l ta\u015fl\u0131 plajlarda ve g\u00fczel kafelerde ge\u00e7irdim. Esnaf d\u00fckkanlar\u0131 b\u00fcy\u00fcleyiciydi ve arkada\u015flar\u0131m ve ailem i\u00e7in bir\u00e7ok hediyelik e\u015fya ald\u0131m.)<\/p>\n\n\t\t<\/div>\n\t<\/div>\n<\/div><\/div><\/div><div class=\"wpb_column vc_column_container vc_col-sm-12\"><div class=\"vc_column-inner\"><div class=\"wpb_wrapper\"><div class=\"vc_empty_space\"   style=\"height: 10px\"><span class=\"vc_empty_space_inner\"><\/span><\/div><\/div><\/div><\/div><\/div><div class=\"vc_row wpb_row vc_row-fluid\"><div class=\"wpb_column vc_column_container vc_col-sm-12\"><div class=\"vc_column-inner\"><div class=\"wpb_wrapper\">\n\t<div class=\"wpb_text_column wpb_content_element\" >\n\t\t<div class=\"wpb_wrapper\">\n\t\t\t<h2><strong>\u0130ngilizce Tatil Anlat\u0131m \u00d6devi \u00d6rne\u011fi<\/strong><\/h2>\n<p>Yaz tatili sonras\u0131nda okullar a\u00e7\u0131l\u0131r a\u00e7\u0131lmaz \u00f6\u011fretmenler, \u00f6\u011frencilerin \u0130ngilizce bilgilerinin tazelenmesi amac\u0131yla \u0130ngilizce tatil anlat\u0131m \u00f6devi verirler. Yaz tatilinizde neler yapt\u0131\u011f\u0131n\u0131z\u0131 \u0130ngilizce olarak nas\u0131l anlatabilece\u011finizi g\u00f6rmek i\u00e7in a\u015fa\u011f\u0131da T\u00fcrk\u00e7e \u00e7evirisiyle birlikte yer alan \u00f6rne\u011fi inceleyebilirsiniz.<\/p>\n<p><strong>\u0130ngilizce Yaz Tatili Anlat\u0131m \u00d6devi \u00d6rne\u011fi<br \/>\nI spent my summer vacation in our summer house in Dalaman with my family. I met other children who live in the neighbourhood and made friends with them. My friends and I rode our bicycles along the cycling path and had picnics. There were lots of kittens in the neighbourhood and we fed them in our garden. We sometimes made barbecues with other families in the evenings. Our house is close to the beach, so we went swimming several times a week. My father taught me how to swim. I watched movies with my friends, and we played games all day. I also made friends with a Russian kid, and he taught me a little bit Russian. I hope I can see my friends again next summer. We turned back to Ankara a week before the end of the summer holiday, I did my homework in the remaining time.<\/strong><\/p>\n<p>(Yaz tatilimi ailemle Dalaman&#8217;daki yazl\u0131k evimizde ge\u00e7irdim. Mahallede ya\u015fayan di\u011fer \u00e7ocuklarla tan\u0131\u015ft\u0131m ve onlarla arkada\u015f oldum. Arkada\u015flar\u0131m ve ben bisiklet yolunda bisiklet s\u00fcrd\u00fck ve piknik yapt\u0131k. Mahallede bir s\u00fcr\u00fc yavru kedi vard\u0131 ve onlar\u0131 bah\u00e7emizde besledik. Bazen ak\u015famlar\u0131 di\u011fer ailelerle mangal yapt\u0131k. Evimiz sahile yak\u0131n, bu y\u00fczden haftada birka\u00e7 kez y\u00fczmeye gittik. Babam bana y\u00fczmeyi \u00f6\u011fretti. Arkada\u015flar\u0131mla film izledim ve b\u00fct\u00fcn g\u00fcn oyunlar oynad\u0131k. Rus bir \u00e7ocukla da arkada\u015f oldum ve bana biraz Rus\u00e7a \u00f6\u011fretti. Umar\u0131m \u00f6n\u00fcm\u00fczdeki yaz arkada\u015flar\u0131m\u0131 tekrar g\u00f6rebilirim. Yaz tatilinin bitmesine bir hafta kala Ankara&#8217;ya d\u00f6nd\u00fck, kalan zamanda \u00f6devlerimi yapt\u0131m.)<\/p>\n\n\t\t<\/div>\n\t<\/div>\n<\/div><\/div><\/div><div class=\"wpb_column vc_column_container vc_col-sm-12\"><div class=\"vc_column-inner\"><div class=\"wpb_wrapper\"><div class=\"vc_empty_space\"   style=\"height: 10px\"><span class=\"vc_empty_space_inner\"><\/span><\/div><\/div><\/div><\/div><\/div><div class=\"vc_row wpb_row vc_row-fluid\"><div class=\"wpb_column vc_column_container vc_col-sm-12\"><div class=\"vc_column-inner\"><div class=\"wpb_wrapper\">\n\t<div class=\"wpb_text_column wpb_content_element\" >\n\t\t<div class=\"wpb_wrapper\">\n\t\t\t<h2><strong>\u0130ngilizce Tatil Yaz\u0131s\u0131 \u00d6rne\u011fi<\/strong><\/h2>\n<p>\u201cGe\u00e7en yaz ne yapt\u0131n?\u201d gibi sorulara tatilinizi nas\u0131l ge\u00e7irdi\u011finizden bahsederek cevap verebilirsiniz. Tatilinizden nas\u0131l bahsedebilece\u011finizi daha iyi kavramak i\u00e7in a\u015fa\u011f\u0131da yer alan \u00f6rne\u011fi inceleyebilirsiniz.<\/p>\n<p><strong>\u0130ngilizce Yaz Tatili Yaz\u0131s\u0131 \u00d6rne\u011fi<br \/>\nI went to Cyprus with my wife on my vacation last summer. We stayed at a hotel in Kyrenia for a week. We went swimming in the sea or in the hotel\u2019s pool every day. On the first day of our vacation, we visited Kyrenia Castle with a tourist guide. We relaxed in the SPA lounge of the hotel. We went to restaurants in the evening and tried local dishes. The fish was delicious and very fresh. We also visited Bellapais Abbey and Saint Hilarion Castle. We rented bikes to get around the city. It was always sunny, so we applied sunscreen and wear sunglasses all day. The best part of the vacation was trying local dishes for me. I would definitely go to Kyrenia again.<\/strong><\/p>\n<p>(Ge\u00e7en yaz tatilde e\u015fimle birlikte K\u0131br\u0131s&#8217;a gittim. Girne&#8217;de bir otelde bir hafta kald\u0131k. Her g\u00fcn denize ya da otelin havuzuna y\u00fczmeye gittik. Tatilimizin ilk g\u00fcn\u00fcnde rehber e\u015fli\u011finde Girne Kalesi&#8217;ni gezdik. Otelin SPA salonunda rahatlad\u0131k. Ak\u015famlar\u0131 restoranlara gittik ve y\u00f6resel yemekleri denedik. Bal\u0131klar lezzetli ve \u00e7ok tazeydi. Ayr\u0131ca Bellapais Manast\u0131r\u0131 ve Aziz Hilarion Kalesi&#8217;ni ziyaret ettik. \u015eehri dola\u015fmak i\u00e7in bisiklet kiralad\u0131k. Hava hep g\u00fcne\u015fliydi, bu y\u00fczden g\u00fcne\u015f kremi s\u00fcrd\u00fck ve b\u00fct\u00fcn g\u00fcn g\u00fcne\u015f g\u00f6zl\u00fc\u011f\u00fc takt\u0131k. Benim i\u00e7in tatilin en g\u00fczel yan\u0131 y\u00f6resel yemekleri denemekti. Kesinlikle tekrar Girne&#8217;ye giderim.)<\/p>\n\n\t\t<\/div>\n\t<\/div>\n<\/div><\/div><\/div><div class=\"wpb_column vc_column_container vc_col-sm-12\"><div class=\"vc_column-inner\"><div class=\"wpb_wrapper\"><div class=\"vc_empty_space\"   style=\"height: 10px\"><span class=\"vc_empty_space_inner\"><\/span><\/div><\/div><\/div><\/div><\/div><div class=\"vc_row wpb_row vc_row-fluid\"><div class=\"wpb_column vc_column_container vc_col-sm-12\"><div class=\"vc_column-inner\"><div class=\"wpb_wrapper\">\n\t<div class=\"wpb_text_column wpb_content_element\" >\n\t\t<div class=\"wpb_wrapper\">\n\t\t\t<h2><strong>\u0130ngilizce Ge\u00e7en Yaz Ne Yapt\u0131n Nas\u0131l Sorulur?<\/strong><\/h2>\n<p>Yaz tatilinden d\u00f6ner d\u00f6nmez \u201cTatilde ne yapt\u0131n?\u201d gibi sorularla kar\u015f\u0131la\u015f\u0131r\u0131z. Bu soruyu bazen \u00f6\u011fretmenler \u00f6\u011frencilere, bazen de arkada\u015flar birbirine sorar. Bu sebeple \u0130ngilizcede \u201cYaz tatilinde ne yapt\u0131n?\u201d sorusunun alternatiflerini bilmek \u00f6nemlidir. A\u015fa\u011f\u0131da yer alan \u201cYaz tatilinde ne yapt\u0131n?\u201d sorusu alternatiflerini inceleyelim.<\/p>\n<p><strong>What did you do on your summer vacation?<\/strong><br \/>\n(Yaz tatilinde ne yapt\u0131n?)<\/p>\n<p><strong>How was your summer vacation?<\/strong><br \/>\n(Yaz tatilin nas\u0131ld\u0131?)<\/p>\n<p><strong>How did you spend your summer holiday?<\/strong><br \/>\n(Yaz tatilini nas\u0131l ge\u00e7irdin?)<\/p>\n<p><strong>Can you tell me about your holiday memories?<\/strong><br \/>\n(Tatil an\u0131lar\u0131n\u0131 anlat\u0131r m\u0131s\u0131n?)<\/p>\n<p><strong>What did you do last summer?<\/strong><br \/>\n(Ge\u00e7en yaz ne yapt\u0131n?)<\/p>\n<p><strong>Where did you go on your summer vacation?<\/strong><br \/>\n(Yaz tatilinde nereye gittin?)<\/p>\n\n\t\t<\/div>\n\t<\/div>\n<\/div><\/div><\/div><div class=\"wpb_column vc_column_container vc_col-sm-12\"><div class=\"vc_column-inner\"><div class=\"wpb_wrapper\"><div class=\"vc_empty_space\"   style=\"height: 10px\"><span class=\"vc_empty_space_inner\"><\/span><\/div><\/div><\/div><\/div><\/div><div class=\"vc_row wpb_row vc_row-fluid\"><div class=\"wpb_column vc_column_container vc_col-sm-12\"><div class=\"vc_column-inner\"><div class=\"wpb_wrapper\">\n\t<div class=\"wpb_text_column wpb_content_element\" >\n\t\t<div class=\"wpb_wrapper\">\n\t\t\t<p><a href=\"http:\/\/tr.englishcentral.com?utm_source=Blog&#038;utm_medium=Organic&#038;utm_campaign=IngilizceSarkilar\"><img decoding=\"async\" src=\"https:\/\/www.englishcentral.com\/blog\/wp-content\/uploads\/2023\/11\/In-post-ad-tr2-3.png\" alt=\"\" width=\"2000\" height=\"1000\" class=\"banner2\" \/><\/a><\/p>\n\n\t\t<\/div>\n\t<\/div>\n<\/div><\/div><\/div><div class=\"wpb_column vc_column_container vc_col-sm-12\"><div class=\"vc_column-inner\"><div class=\"wpb_wrapper\"><div class=\"vc_empty_space\"   style=\"height: 10px\"><span class=\"vc_empty_space_inner\"><\/span><\/div><\/div><\/div><\/div><\/div><div class=\"vc_row wpb_row vc_row-fluid\"><div class=\"wpb_column vc_column_container vc_col-sm-12\"><div class=\"vc_column-inner\"><div class=\"wpb_wrapper\">\n\t<div class=\"wpb_text_column wpb_content_element\" >\n\t\t<div class=\"wpb_wrapper\">\n\t\t\t<h2><strong>\u0130ngilizce Yaz Tatili Kompozisyonu<\/strong><\/h2>\n<p>\u0130ngilizcede yaz tatilinizden bahsederken giri\u015f, geli\u015fme ve sonu\u00e7 b\u00f6l\u00fcmleri olu\u015fturarak kompozisyon yazabilirsiniz. A\u015fa\u011f\u0131da yer alan \u0130ngilizce yaz tatili kompozisyonu \u00f6rneklerini inceleyelim.<\/p>\n<p><strong>\u0130ngilizce Yaz Tatili Kompozisyonu \u00d6rne\u011fi 1<br \/>\nI went to Ala\u00e7at\u0131 with my boyfriend on my summer vacation. We went there by car. We have rented a small flat for a month. Our flat had a kitchen and a bedroom with a bathroom, it was small, but it was enough for us. The flat had a nice view of the neighbourhood and it was close to the beach, so we were able to go to the beach every day. We had breakfast in our flat and after breakfast, we usually went to the beach. We swam in the sea and played volleyball at the beach with tourists. We also made friends with our neighbours and spent evenings with our new friends. We watched movies together and they invited us for dinner. My boyfriend and I went to Oasis Aquapark several times and we had fun. We got around the town by public transportation and on foot. My boyfriend took me out for dinner, and we had fresh seafood. We bought souvenirs for our friends from small local shops. A month in Ala\u00e7at\u0131 passed quickly and we had to say goodbye to our new friends and neighbours. We drove back to our city. It was the best vacation I ever had because we made lots of friends and the weather was always nice. I will miss Ala\u00e7at\u0131 so much.<\/strong><\/p>\n<p>(Yaz tatilimde erkek arkada\u015f\u0131mla Ala\u00e7at\u0131&#8217;ya gittik. Oraya arabayla gittik. Bir ayl\u0131\u011f\u0131na k\u00fc\u00e7\u00fck bir daire kiralad\u0131k. Dairemizde bir mutfak ve banyolu bir yatak odas\u0131 vard\u0131, k\u00fc\u00e7\u00fckt\u00fc ama bizim i\u00e7in yeterliydi. Dairenin manzaras\u0131 mahallenin g\u00fczel bir g\u00f6r\u00fcnt\u00fcs\u00fcyd\u00fc ve sahile yak\u0131nd\u0131, bu y\u00fczden her g\u00fcn sahile gidebiliyorduk. Kahvalt\u0131m\u0131z\u0131 dairemizde yap\u0131yorduk ve kahvalt\u0131dan sonra genellikle sahile gidiyorduk. Denizde y\u00fcz\u00fcyorduk ve sahilde turistlerle voleybol oynuyorduk. Kom\u015fular\u0131m\u0131zla da arkada\u015f olduk ve ak\u015famlar\u0131 yeni arkada\u015flar\u0131m\u0131zla ge\u00e7irdik. Birlikte filmler izledik ve bizi ak\u015fam yeme\u011fine davet ettiler. Erkek arkada\u015f\u0131m ve ben birka\u00e7 kez Oasis Aquapark&#8217;a gittik ve e\u011flendik. \u015eehri toplu ta\u015f\u0131mayla ve y\u00fcr\u00fcyerek dola\u015ft\u0131k. Erkek arkada\u015f\u0131m beni ak\u015fam yeme\u011fine \u00e7\u0131kard\u0131 ve taze deniz \u00fcr\u00fcnleri yedik. K\u00fc\u00e7\u00fck yerel d\u00fckkanlardan arkada\u015flar\u0131m\u0131za hediyelik e\u015fya ald\u0131k. Ala\u00e7at\u0131&#8217;da bir ay \u00e7abuk ge\u00e7ti ve yeni arkada\u015flar\u0131m\u0131za ve kom\u015fular\u0131m\u0131za veda etmek zorunda kald\u0131k. \u015eehrimize geri d\u00f6nd\u00fck. Hayat\u0131mda ge\u00e7irdi\u011fim en iyi tatildi \u00e7\u00fcnk\u00fc bir s\u00fcr\u00fc arkada\u015f edindik ve hava her zaman g\u00fczeldi. Ala\u00e7at\u0131&#8217;y\u0131 \u00e7ok \u00f6zleyece\u011fim.)<\/p>\n<p><strong>\u0130ngilizce Yaz Tatili Kompozisyonu \u00d6rne\u011fi 2<br \/>\nLast summer, I went on a camping vacation to Antalya with my friend group of eight people. We drove to Antalya and parked our cars in the city. We went to the camping site on foot, and it was tiring. Once we arrived at the camping site, we started setting up our tents and lit up a campfire. We understood that the camping vacation would be tiring as well as exciting from the first day. However, everything was easy after we settled down. There was a water fountain and baths at the camping site, so the cleaning didn\u2019t become a problem for us. We went hiking in groups and we cooked on the campfire. The camping site was cool even though it was summer. We played games together during the day. We sang songs and danced around the campfire in the evenings. Spending time in nature relaxed us and helped us relieve our minds from the stress of daily life. We were away from technological devices for a week, and it was good for us. The cool camping site allowed us to avoid the hot summer for a week. I think about this vacation whenever I feel overwhelmed by city life.<\/strong><\/p>\n<p>(Ge\u00e7en yaz sekiz ki\u015filik arkada\u015f grubumla Antalya&#8217;ya kamp tatiline gittim. Antalya&#8217;ya arabayla gittik ve arabalar\u0131m\u0131z\u0131 \u015fehre park ettik. Kamp alan\u0131na y\u00fcr\u00fcyerek gittik ve bu yorucuydu. Kamp alan\u0131na geldi\u011fimizde \u00e7ad\u0131rlar\u0131m\u0131z\u0131 kurmaya ba\u015flad\u0131k ve bir kamp ate\u015fi yakt\u0131k. Kamp tatilinin heyecanl\u0131 oldu\u011fu kadar yorucu da olaca\u011f\u0131n\u0131 ilk g\u00fcnden anlad\u0131k. Ancak, yerle\u015ftikten sonra her \u015fey kolayd\u0131. Kamp alan\u0131nda bir \u00e7e\u015fme ve banyolar oldu\u011fu i\u00e7in temizlik bizim i\u00e7in sorun olmad\u0131. Gruplar halinde do\u011fa y\u00fcr\u00fcy\u00fc\u015f\u00fcne \u00e7\u0131kt\u0131k ve kamp ate\u015finde yemek pi\u015firdik. Yaz olmas\u0131na ra\u011fmen kamp alan\u0131 serindi. G\u00fcn boyunca birlikte oyunlar oynad\u0131k. Ak\u015famlar\u0131 kamp ate\u015fi etraf\u0131nda \u015fark\u0131lar s\u00f6yledik ve dans ettik. Do\u011fada vakit ge\u00e7irmek bizi rahatlatt\u0131 ve zihnimizi g\u00fcnl\u00fck hayat\u0131n stresinden uzakla\u015ft\u0131rmam\u0131za yard\u0131mc\u0131 oldu. Bir hafta boyunca teknolojik cihazlardan uzak kald\u0131k ve bu bizim i\u00e7in iyi oldu. Serin kamp alan\u0131, bir hafta boyunca s\u0131cak yazdan ka\u00e7\u0131nmam\u0131z\u0131 sa\u011flad\u0131. Ne zaman \u015fehir hayat\u0131ndan bunalsam akl\u0131ma bu tatil geliyor.)<\/p>\n<p><strong>\u0130ngilizce Yaz Tatili Kompozisyonu \u00d6rne\u011fi 3<br \/>\nLast summer, I went to Paris for 2 weeks with my boyfriend. I chose Paris for our vacation because I thought it would be romantic and I always wondered about Paris. I learned French in university and thought that this vacation would be a good opportunity to practice my speaking skills. We went there by plane and stayed at a luxurious hotel. On the first day of our vacation, we had breakfast with croissants and coffee and strolled around the streets of Paris. We didn\u2019t pack many clothes because we wanted to buy new clothes in Paris. Therefore, we went shopping at the boutiques and stores. We visited Louvre Museum and Notre Dame Cathedral. My boyfriend took me out for a dinner at the Eiffel Tower. We relaxed in the sauna of the hotel we stayed at. We tried lots of French delicacies at restaurants and cafes. Two weeks didn\u2019t feel enough to enjoy Paris fully, so I will definitely visit Paris again. However, we made the most of our vacation and had as much fun as we could. We took lots of photos and made romantic memories together. I also had the opportunity to speak to native French people and improved my speaking skills.<br \/>\n<\/strong><\/p>\n<p>(Ge\u00e7en yaz erkek arkada\u015f\u0131mla 2 haftal\u0131\u011f\u0131na Paris&#8217;e gittim. Tatilimiz i\u00e7in Paris&#8217;i se\u00e7tim \u00e7\u00fcnk\u00fc romantik olaca\u011f\u0131n\u0131 d\u00fc\u015f\u00fcnd\u00fcm ve hep Paris&#8217;i merak etmi\u015fimdir. \u00dcniversitede Frans\u0131zca \u00f6\u011frendim ve bu tatilin konu\u015fma becerilerimi geli\u015ftirmek i\u00e7in iyi bir f\u0131rsat olaca\u011f\u0131n\u0131 d\u00fc\u015f\u00fcnd\u00fcm. Oraya u\u00e7akla gittik ve l\u00fcks bir otelde kald\u0131k. Tatilimizin ilk g\u00fcn\u00fcnde kruvasan ve kahveyle kahvalt\u0131 yapt\u0131k ve Paris sokaklar\u0131nda dola\u015ft\u0131k. Paris&#8217;te yeni k\u0131yafetler almak istedi\u011fimiz i\u00e7in yan\u0131m\u0131za \u00e7ok fazla k\u0131yafet almam\u0131\u015ft\u0131k. Bu nedenle butiklere ve ma\u011fazalara al\u0131\u015fveri\u015fe gittik. Louvre M\u00fczesi ve Notre Dam Katedrali&#8217;ni ziyaret ettik. Erkek arkada\u015f\u0131m beni Eyfel Kulesi&#8217;nde bir ak\u015fam yeme\u011fine \u00e7\u0131kard\u0131. Kald\u0131\u011f\u0131m\u0131z otelin saunas\u0131nda rahatlad\u0131k. Restoran ve kafelerde bolca Frans\u0131z lezzeti denedik. \u0130ki hafta, Paris&#8217;in tad\u0131n\u0131 \u00e7\u0131karmak i\u00e7in yeterli gelmedi, bu y\u00fczden kesinlikle Paris&#8217;i tekrar ziyaret edece\u011fim. Ancak tatilimizi en iyi \u015fekilde de\u011ferlendirdik ve elimizden geldi\u011fince e\u011flendik. Bol bol foto\u011fraf \u00e7ektik ve birlikte romantik an\u0131lar biriktirdik. Ayr\u0131ca yerli Frans\u0131zlarla konu\u015fma f\u0131rsat\u0131m oldu ve konu\u015fma becerilerimi geli\u015ftirdim.)<\/p>\n<p><strong>\u0130ngilizce Yaz Tatili Kompozisyonu \u00d6rne\u011fi 4<br \/>\nLast summer, I went to Berlin on a vacation with my husband and 7-year-old son. We went there by plane. My husband is German, and we stayed at his relatives\u2019 house for a month. We wanted our son to meet his father\u2019s side. Also, my husband doesn\u2019t like to swim in the sea, so we don\u2019t usually prefer coastal cities for vacations. Our son met his cousins and had the opportunity to spend time with his grandparents. We visited many museums, and it helped us teach our son about German culture and history. It was cool and cloudy in Berlin even though it was summer. Therefore, we wore coats and jackets when were out. We visited Berlin Cathedral and Brandenburg Gate. We tried local dishes. Staying with relatives rather than at a hotel was really comfortable. Our son had the opportunity to speak German for a month and improved his speaking skills. My husband was happy to visit his hometown. I liked the cool weather and I was glad to learn new things about my husband\u2019s homeland.<\/strong><\/p>\n<p>(Ge\u00e7en yaz, kocam ve 7 ya\u015f\u0131ndaki o\u011flumla tatil i\u00e7in Berlin&#8217;e gittim. Oraya u\u00e7akla gittik. Kocam Alman ve bir ay onun akrabalar\u0131n\u0131n evinde kald\u0131k. O\u011flumuzun baba taraf\u0131yla tan\u0131\u015fmas\u0131n\u0131 istedik. Ayr\u0131ca e\u015fim denizde y\u00fczmeyi pek sevmedi\u011finden tatil i\u00e7in genellikle k\u0131y\u0131 \u015fehirlerini tercih etmiyoruz. O\u011flumuz kuzenleriyle tan\u0131\u015ft\u0131 ve dedesi ve babaannesiyle vakit ge\u00e7irme f\u0131rsat\u0131 buldu. Bir\u00e7ok m\u00fczeyi ziyaret ettik ve bu o\u011flumuza Alman k\u00fclt\u00fcr\u00fc ve tarihini \u00f6\u011fretmemize yard\u0131mc\u0131 oldu. Yaz olmas\u0131na ra\u011fmen Berlin&#8217;de hava serin ve bulutluydu. Bu nedenle d\u0131\u015far\u0131dayken mont ve ceket giyiyorduk. Berlin Katedrali ve Brandenburg Kap\u0131s\u0131&#8217;n\u0131 ziyaret ettik. Y\u00f6resel yemekleri denedik. Bir otelde kalmak yerine akrabalarla kalmak ger\u00e7ekten rahatt\u0131. O\u011flumuz bir ay boyunca Almanca konu\u015fma f\u0131rsat\u0131 buldu ve konu\u015fma becerilerini geli\u015ftirdi. Kocam memleketini ziyaret etti\u011fi i\u00e7in mutlu oldu. Serin havay\u0131 sevdim ve kocam\u0131n memleketi hakk\u0131nda yeni \u015feyler \u00f6\u011frenmekten memnun oldum.)<\/p>\n<p><strong>\u0130ngilizce Yaz Tatili Kompozisyonu \u00d6rne\u011fi 5<br \/>\nLast summer, I went to Thailand with my girlfriend. She likes Asian culture and she always wanted to try Thai dishes. Therefore, I wanted to take her to Thailand as a birthday present. We went there by plane and stayed for three weeks at different hotels.We got around the city by bike and taxi. We visited the Grand Palace and lots of temples. We were amazed when we saw a floating market named Damnoen Saduak. We visited the Sathorn Unique Tower which is an abandoned skyscraper at the heart of Bangkok, but we couldn\u2019t dare to climb because the tower was rumoured to be haunted. We also visited a famous island named Koh Phi Phi. We had a Thai massage and I felt like I was reborn after the massage. We tried famous Thai dishes, and even though they didn\u2019t appeal to my taste, my girlfriend enjoyed them. My girlfriend told me that this vacation was the best birthday present she ever received. I also was glad that I got to see a different culture and tried different dishes. I enjoyed the hot weather and the enchanting sea. Our vacation was also quite affordable, so I would like to visit Thailand again.<\/strong><\/p>\n<p>(Ge\u00e7en yaz k\u0131z arkada\u015f\u0131mla Tayland&#8217;a gittim. K\u0131z arkada\u015f\u0131m Asya k\u00fclt\u00fcr\u00fcn\u00fc seviyor ve her zaman Tayland yemeklerini denemek istemi\u015ftir. Bu y\u00fczden onu do\u011fum g\u00fcn\u00fc hediyesi olarak Tayland&#8217;a g\u00f6t\u00fcrmek istedim. Oraya u\u00e7akla gittik ve farkl\u0131 otellerde \u00fc\u00e7 hafta kald\u0131k. \u015eehri bisiklet ve taksi ile dola\u015ft\u0131k. B\u00fcy\u00fck Saray&#8217;\u0131 ve bir\u00e7ok tap\u0131na\u011f\u0131 ziyaret ettik. Damnoen Saduak ad\u0131nda y\u00fczen bir pazar g\u00f6r\u00fcnce \u00e7ok \u015fa\u015f\u0131rd\u0131k. Bangkok&#8217;un g\u00f6be\u011finde terk edilmi\u015f bir g\u00f6kdelen olan Sathorn Unique Kulesini ziyaret ettik ancak kulenin perili oldu\u011fu s\u00f6ylendi\u011fi i\u00e7in t\u0131rmanmaya cesaret edemedik. Ayr\u0131ca Koh Phi Phi adl\u0131 \u00fcnl\u00fc bir aday\u0131 da ziyaret ettik. Tay masaj\u0131 yapt\u0131rd\u0131k ve masajdan sonra yeniden do\u011fmu\u015f gibi hissettim. Me\u015fhur Tayland yemeklerini denedik ve benim damak tad\u0131ma hitap etmese de k\u0131z arkada\u015f\u0131m \u00e7ok be\u011fendi. K\u0131z arkada\u015f\u0131m bana bu tatilin ald\u0131\u011f\u0131 en iyi do\u011fum g\u00fcn\u00fc hediyesi oldu\u011funu s\u00f6yledi. Ben de farkl\u0131 bir k\u00fclt\u00fcr g\u00f6rd\u00fc\u011f\u00fcme ve farkl\u0131 yemekler denedi\u011fime sevindim. S\u0131cak havan\u0131n ve b\u00fcy\u00fcleyici denizin tad\u0131n\u0131 \u00e7\u0131kard\u0131m. Tatilimiz de olduk\u00e7a uygun fiyatl\u0131yd\u0131, bu y\u00fczden Tayland&#8217;\u0131 tekrar ziyaret etmek isterim.)<\/p>\n\n\t\t<\/div>\n\t<\/div>\n<\/div><\/div><\/div><div class=\"wpb_column vc_column_container vc_col-sm-12\"><div class=\"vc_column-inner\"><div class=\"wpb_wrapper\"><div class=\"vc_empty_space\"   style=\"height: 10px\"><span class=\"vc_empty_space_inner\"><\/span><\/div><\/div><\/div><\/div><\/div><div class=\"vc_row wpb_row vc_row-fluid\"><div class=\"wpb_column vc_column_container vc_col-sm-12\"><div class=\"vc_column-inner\"><div class=\"wpb_wrapper\">\n\t<div class=\"wpb_text_column wpb_content_element\" >\n\t\t<div class=\"wpb_wrapper\">\n\t\t\t<h2><strong>\u0130ngilizce Yaz Tatili Anlatma ve \u0130ngilizce Tatil C\u00fcmleleri ile \u0130lgili S\u0131k Sorulan Sorular<br \/>\n<\/strong><\/h2>\n<p><strong>\u0130ngilizce \u201cGe\u00e7en yaz ne yapt\u0131n?\u201d nas\u0131l sorulur?<\/strong><\/p>\n<p>\u0130ngilizce \u201cGe\u00e7en yaz ne yapt\u0131n?\u201d sorusunu sormak i\u00e7in \u015fu c\u00fcmleleri kullanabilirsiniz:<br \/>\n<strong>What did you do on your summer vacation?<\/strong><br \/>\n(Yaz tatilinde ne yapt\u0131n?)<\/p>\n<p><strong>How was your summer vacation?<\/strong><br \/>\n(Yaz tatilin nas\u0131ld\u0131?)<\/p>\n<p><strong>How did you spend your summer holiday?<\/strong><br \/>\n(Yaz tatilini nas\u0131l ge\u00e7irdin?)<\/p>\n<p><strong>Can you tell about your holiday memories?<\/strong><br \/>\n(Tatil an\u0131lar\u0131n\u0131 anlat\u0131r m\u0131s\u0131n?)<\/p>\n<p><strong>What did you do last summer?<\/strong><br \/>\n(Ge\u00e7en yaz ne yapt\u0131n?)<\/p>\n<p><strong>Where did you go on your summer vacation?<\/strong><br \/>\n(Yaz tatilinde nereye gittin?)<\/p>\n<p><strong>\u0130ngilizce tatil nas\u0131l anlat\u0131l\u0131r?<\/strong><\/p>\n<p>\u0130ngilizce tatilinizden bahsetmek i\u00e7in nereye gitti\u011finizden, nereleri gezdi\u011finizden ve tatilinizin size neler hissetti\u011finizden bahsedebilirsiniz.<\/p>\n<p><strong>\u201cYaz tatili\u201d \u0130ngilizcesi nedir?<\/strong><\/p>\n<p><strong>\u201cYaz tatili\u201d <\/strong>\u0130ngilizceye <strong>\u201cSummer holiday\u201d <\/strong>veya <strong>\u201cSummer vacation\u201d<\/strong> olarak \u00e7evrilebilir.<\/p>\n<p><strong>\u0130ngilizce yaz tatili anlat\u0131m \u00f6devi nas\u0131l yap\u0131l\u0131r?<\/strong><\/p>\n<p>\u0130ngilizce yaz tatili anlat\u0131m \u00f6devinizi yaparken tatilde nerelere gitti\u011finizden ve neler yapt\u0131\u011f\u0131n\u0131zdan bahsedebilirsiniz.<\/p>\n<p><script type=\"application\/ld+json\">\n{\n  \"@context\": \"https:\/\/schema.org\",\n  \"@type\": \"FAQPage\",\n  \"mainEntity\": [\n    {\n      \"@type\": \"Question\",\n      \"name\": \"\u0130ngilizce 'Ge\u00e7en yaz ne yapt\u0131n?' nas\u0131l sorulur?\",\n      \"acceptedAnswer\": {\n        \"@type\": \"Answer\",\n        \"text\": \"\u0130ngilizce 'Ge\u00e7en yaz ne yapt\u0131n?' sorusunu sormak i\u00e7in a\u015fa\u011f\u0131daki c\u00fcmleleri kullanabilirsiniz:\n- What did you do on your summer vacation?\n(Yaz tatilinde ne yapt\u0131n?)\n- How was your summer vacation?\n(Yaz tatilin nas\u0131ld\u0131?)\n- How did you spend your summer holiday?\n(Yaz tatilini nas\u0131l ge\u00e7irdin?)\n- Can you tell about your holiday memories?\n(Tatil an\u0131lar\u0131n\u0131 anlat\u0131r m\u0131s\u0131n?)\n- What did you do last summer?\n(Ge\u00e7en yaz ne yapt\u0131n?)\n- Where did you go on your summer vacation?\n(Yaz tatilinde nereye gittin?)\"\n      }\n    },\n    {\n      \"@type\": \"Question\",\n      \"name\": \"\u0130ngilizce tatil nas\u0131l anlat\u0131l\u0131r?\",\n      \"acceptedAnswer\": {\n        \"@type\": \"Answer\",\n        \"text\": \"\u0130ngilizce tatilinizden bahsetmek i\u00e7in nereye gitti\u011finizden, nereleri gezdi\u011finizden ve tatilinizin size neler hissettirdi\u011finden bahsedebilirsiniz.\"\n      }\n    },\n    {\n      \"@type\": \"Question\",\n      \"name\": \"\u201cYaz tatili\u201d \u0130ngilizcesi nedir?\",\n      \"acceptedAnswer\": {\n        \"@type\": \"Answer\",\n        \"text\": \"\u201cYaz tatili\u201d \u0130ngilizceye 'Summer holiday' veya 'Summer vacation' olarak \u00e7evrilebilir.\"\n      }\n    },\n    {\n      \"@type\": \"Question\",\n      \"name\": \"\u0130ngilizce yaz tatili anlat\u0131m \u00f6devi nas\u0131l yap\u0131l\u0131r?\",\n      \"acceptedAnswer\": {\n        \"@type\": \"Answer\",\n        \"text\": \"\u0130ngilizce yaz tatili anlat\u0131m \u00f6devinizi yaparken tatilde nerelere gitti\u011finizden ve neler yapt\u0131\u011f\u0131n\u0131zdan bahsedebilirsiniz.\"\n      }\n    }\n  ]\n}\n<\/script><\/p>\n\n\t\t<\/div>\n\t<\/div>\n<\/div><\/div><\/div><div class=\"wpb_column vc_column_container vc_col-sm-12\"><div class=\"vc_column-inner\"><div class=\"wpb_wrapper\"><div class=\"vc_empty_space\"   style=\"height: 10px\"><span class=\"vc_empty_space_inner\"><\/span><\/div><\/div><\/div><\/div><div class=\"wpb_column vc_column_container vc_col-sm-12\"><div class=\"vc_column-inner\"><div class=\"wpb_wrapper\">\n\t<div class=\"wpb_text_column wpb_content_element\" >\n\t\t<div class=\"wpb_wrapper\">\n\t\t\t<p>\u0130ngilizce Yaz Tatili Anlatma ve \u0130ngilizce Tatil C\u00fcmleleri ile ilgili \u00f6\u011frendiklerinizi prati\u011fe d\u00f6kmek ister misiniz? Dilerseniz <a style=\"color:red\" class=\"sarki-link\" href=\"http:\/\/tr.englishcentral.com\">EnglishCentral<\/a>\u2019da bulunan 20.000\u2019den fazla interaktif video derslerini inceleyebilir, kelime da\u011farc\u0131\u011f\u0131n\u0131z\u0131 geli\u015ftirip telaffuz prati\u011fi yapabilirsiniz. Dilerseniz \u00f6\u011frendiklerinizi canl\u0131 ve birebir <a style=\"color:red\" class=\"sarki-link\" href=\"http:\/\/tr.englishcentral.com?utm_source=Blog&#038;utm_medium=Organic&#038;utm_campaign=IngilizceGramer\">\u0130ngilizce \u00f6zel ders<\/a> s\u0131ras\u0131nda ki\u015fisel \u0130ngilizce \u00f6\u011fretmeniniz ile tekrar edebilirsiniz. Hemen <a style=\"color:red\" class=\"sarki-link\" href=\"http:\/\/tr.englishcentral.com\">EnglishCentral<\/a>\u2019a kay\u0131t olup <a style=\"color:red\" class=\"sarki-link\" href=\"http:\/\/tr.englishcentral.com?utm_source=Blog&#038;utm_medium=Organic&#038;utm_campaign=IngilizceGramer\">\u0130ngilizce \u00f6\u011fren<\/a>meye ba\u015flamaya ne dersiniz?<\/p>\n\n\t\t<\/div>\n\t<\/div>\n<\/div><\/div><\/div><\/div><div class=\"vc_row wpb_row vc_row-fluid\"><div class=\"wpb_column vc_column_container vc_col-sm-12\"><div class=\"vc_column-inner\"><div class=\"wpb_wrapper\"><div class=\"vc_empty_space\"   style=\"height: 10px\"><span class=\"vc_empty_space_inner\"><\/span><\/div><\/div><\/div><\/div><\/div><div class=\"vc_row wpb_row vc_row-fluid\"><div class=\"wpb_column vc_column_container vc_col-sm-12\"><div class=\"vc_column-inner\"><div class=\"wpb_wrapper\">\n\t<div class=\"wpb_text_column wpb_content_element\" >\n\t\t<div class=\"wpb_wrapper\">\n\t\t\t<p><a href=\"http:\/\/tr.englishcentral.com?utm_source=Blog&#038;utm_medium=Organic&#038;utm_campaign=IngilizceSarkilar\"><img decoding=\"async\" src=\"https:\/\/www.englishcentral.com\/blog\/wp-content\/uploads\/2023\/11\/In-post-ad-tr3-2.png\" alt=\"\" width=\"2000\" height=\"1000\" class=\"banner2\" \/><\/a><\/p>\n\n\t\t<\/div>\n\t<\/div>\n<\/div><\/div><\/div><\/div><div class=\"vc_row wpb_row vc_row-fluid\"><div class=\"wpb_column vc_column_container vc_col-sm-12\"><div class=\"vc_column-inner\"><div class=\"wpb_wrapper\"><div class=\"vc_empty_space\"   style=\"height: 10px\"><span class=\"vc_empty_space_inner\"><\/span><\/div><\/div><\/div><\/div><\/div>\n<\/div>","yb_wpb_post_custom_css":""},"excerpt":{"rendered":"<p> &#8230; <a title=\"\u0130ngilizce Yaz Tatili Anlatma ve \u0130ngilizce Tatil C\u00fcmleleri\" class=\"read-more\" href=\"https:\/\/www.englishcentral.com\/blog\/ingilizce-yaz-tatili-anlatma-ve-ingilizce-tatil-cumleleri\/\" aria-label=\"More on \u0130ngilizce Yaz Tatili Anlatma ve \u0130ngilizce Tatil C\u00fcmleleri\">Read more<\/a><\/p>\n","protected":false},"author":14,"featured_media":34017,"comment_status":"open","ping_status":"open","sticky":false,"template":"","format":"standard","meta":{"footnotes":""},"categories":[27],"tags":[],"class_list":["post-34015","post","type-post","status-publish","format-standard","has-post-thumbnail","hentry","category-gunluk-ingilizce","generate-columns","tablet-grid-50","mobile-grid-100","grid-parent","grid-33"],"image_url":"https:\/\/www.englishcentral.com\/blog\/wp-content\/uploads\/2022\/11\/ingilizceyaztatilianlatma.png","author_name":"bora.ege.turan","_links":{"self":[{"href":"https:\/\/www.englishcentral.com\/blog\/wp-json\/wp\/v2\/posts\/34015","targetHints":{"allow":["GET"]}}],"collection":[{"href":"https:\/\/www.englishcentral.com\/blog\/wp-json\/wp\/v2\/posts"}],"about":[{"href":"https:\/\/www.englishcentral.com\/blog\/wp-json\/wp\/v2\/types\/post"}],"author":[{"embeddable":true,"href":"https:\/\/www.englishcentral.com\/blog\/wp-json\/wp\/v2\/users\/14"}],"replies":[{"embeddable":true,"href":"https:\/\/www.englishcentral.com\/blog\/wp-json\/wp\/v2\/comments?post=34015"}],"version-history":[{"count":10,"href":"https:\/\/www.englishcentral.com\/blog\/wp-json\/wp\/v2\/posts\/34015\/revisions"}],"predecessor-version":[{"id":49822,"href":"https:\/\/www.englishcentral.com\/blog\/wp-json\/wp\/v2\/posts\/34015\/revisions\/49822"}],"wp:featuredmedia":[{"embeddable":true,"href":"https:\/\/www.englishcentral.com\/blog\/wp-json\/wp\/v2\/media\/34017"}],"wp:attachment":[{"href":"https:\/\/www.englishcentral.com\/blog\/wp-json\/wp\/v2\/media?parent=34015"}],"wp:term":[{"taxonomy":"category","embeddable":true,"href":"https:\/\/www.englishcentral.com\/blog\/wp-json\/wp\/v2\/categories?post=34015"},{"taxonomy":"post_tag","embeddable":true,"href":"https:\/\/www.englishcentral.com\/blog\/wp-json\/wp\/v2\/tags?post=34015"}],"curies":[{"name":"wp","href":"https:\/\/api.w.org\/{rel}","templated":true}]}}