{"id":68326,"date":"2026-03-07T09:00:05","date_gmt":"2026-03-07T06:00:05","guid":{"rendered":"https:\/\/www.englishcentral.com\/blog\/?p=68326"},"modified":"2026-02-25T16:23:23","modified_gmt":"2026-02-25T13:23:23","slug":"8-mart-dunya-kadinlar-gunu-tarihcesi","status":"publish","type":"post","link":"https:\/\/www.englishcentral.com\/blog\/8-mart-dunya-kadinlar-gunu-tarihcesi\/","title":{"rendered":"8 Mart D\u00fcnya Kad\u0131nlar G\u00fcn\u00fc Tarih\u00e7esi"},"content":{"rendered":"<div class=\"wpb-content-wrapper\"><div class=\"vc_row wpb_row vc_row-fluid\"><div class=\"wpb_column vc_column_container vc_col-sm-12\"><div class=\"vc_column-inner\"><div class=\"wpb_wrapper\">\n\t<div class=\"wpb_text_column wpb_content_element\" >\n\t\t<div class=\"wpb_wrapper\">\n\t\t\t<p><a href=\"http:\/\/tr.englishcentral.com?utm_source=Blog&#038;utm_medium=Organic&#038;utm_campaign=IngilizceSarkilar\"><img decoding=\"async\" src=\"https:\/\/www.englishcentral.com\/blog\/wp-content\/uploads\/2023\/11\/In-post-ad-tr1-2.png\" alt=\"\" width=\"2000\" height=\"1000\" class=\"banner2\" \/><\/a><\/p>\n\n\t\t<\/div>\n\t<\/div>\n\n\t<div class=\"wpb_text_column wpb_content_element vc_custom_1772025043833\" >\n\t\t<div class=\"wpb_wrapper\">\n\t\t\t<p>1977 y\u0131l\u0131nda ilan edilen 8 Mart D\u00fcnya Emek\u00e7i Kad\u0131nlar G\u00fcn\u00fc, ba\u015flang\u0131\u00e7ta oldu\u011fu gibi \u00f6z\u00fcnde emek\u00e7i kad\u0131nlar\u0131n m\u00fccadelesini ve azmini bar\u0131nd\u0131rarak, kad\u0131n duyarl\u0131l\u0131\u011f\u0131n\u0131 ya\u015fatmaya devam etmekte ve h\u00e2l\u00e2 anlam\u0131n\u0131 korumaktad\u0131r. Bu \u00f6zel g\u00fcn, y\u0131llar \u00f6nce kad\u0131nlar\u0131n \u00f6zg\u00fcrl\u00fckleri ve e\u015fitlikleri i\u00e7in verdikleri eme\u011fi ve m\u00fccadeleyi \u00f6l\u00fcms\u00fczle\u015ftirmi\u015ftir. G\u00fcn\u00fcm\u00fczde de bu s\u00fcre\u00e7 h\u00e2l\u00e2 devam etmektedir.<\/p>\n<p>Bu nedenle 8 Mart D\u00fcnya Kad\u0131nlar G\u00fcn\u00fc\u2019n\u00fcn tarih\u00e7esini bilmek, hem bizlere \u00f6zg\u00fcrl\u00fck ve e\u015fitlik ruhunu miras b\u0131rakan kad\u0131nlar\u0131 anmak hem de bu g\u00fcn\u00fc daha bilin\u00e7li bir \u015fekilde kutlamak a\u00e7\u0131s\u0131ndan \u00f6nemlidir. Bu blogda sizlerle 8 Mart D\u00fcnya Kad\u0131nlar G\u00fcn\u00fc\u2019n\u00fcn tarih\u00e7esini k\u0131saca \u00f6\u011frenip,Bu blogda, 8 Mart D\u00fcnya Kad\u0131nlar G\u00fcn\u00fc\u2019n\u00fcn tarih\u00e7esini k\u0131saca \u00f6\u011frenip, kad\u0131nlar\u0131n kendi seslerine yer verece\u011fiz.<\/p>\n\n\t\t<\/div>\n\t<\/div>\n<\/div><\/div><\/div><\/div><div class=\"vc_row wpb_row vc_row-fluid\"><div class=\"wpb_column vc_column_container vc_col-sm-12\"><div class=\"vc_column-inner\"><div class=\"wpb_wrapper\"><div class=\"vc_empty_space\"   style=\"height: 10px\"><span class=\"vc_empty_space_inner\"><\/span><\/div>\n\t<div class=\"wpb_text_column wpb_content_element vc_custom_1744612445720\" >\n\t\t<div class=\"wpb_wrapper\">\n\t\t\t<h2><strong>EnglishCentral ile \u0130ngilizce \u00d6\u011fren<\/strong><\/h2>\n<p>\u0130ngilizce \u00f6\u011frenirken kendi ihtiya\u00e7lar\u0131n\u0131za ve seviyenize odaklanmak en b\u00fcy\u00fck \u00f6nceliklerden biridir. EnglishCentral, kullan\u0131c\u0131lar\u0131na \u0130ngilizce \u00f6\u011frenme s\u00fcrecinde ki\u015fiselle\u015ftirilmi\u015f, kapsaml\u0131 ve etkili bir destek sunan, zengin i\u00e7eriklerle donat\u0131lm\u0131\u015f bir dil \u00f6\u011frenme platformudur. EnglishCentral \u00fczerinden uzman \u00f6\u011fretmenlerimizle 7\/24 \u00f6zel ders yapabilirsiniz. \u00d6zel derslerinizde \u00f6\u011fretmen, konu, tarih ve saat se\u00e7imi tamamen size aittir. Bire bir derslere ek olarak grup dersleri ile d\u00fcnya \u00fczerinden kullan\u0131c\u0131larla bir s\u0131n\u0131fta bulu\u015fabilir ve ders yapabilirsiniz.<\/p>\n<p>EnglishCentral, \u00f6zellikle dinleme, konu\u015fma, telaffuz ve kelime da\u011farc\u0131\u011f\u0131 gibi temel dil becerilerini geli\u015ftirmek i\u00e7in tasarlanm\u0131\u015f videolar ve interaktif al\u0131\u015ft\u0131rmalar ile kullan\u0131c\u0131lar\u0131n \u0130ngilizce&#8217;yi daha do\u011fal ve keyifli bir \u015fekilde \u00f6\u011frenmelerine yard\u0131mc\u0131 olur.<\/p>\n<p>EnglishCentral\u2019\u0131n en dikkat \u00e7eken \u00f6zelliklerinden biri, kullan\u0131c\u0131lar\u0131na d\u00fcnya genelinde pop\u00fcler olan film sahneleri, m\u00fczik videolar\u0131, r\u00f6portajlar, haber klipleri ve e\u011fitici i\u00e7eriklerden olu\u015fan geni\u015f bir video k\u00fct\u00fcphanesi sunmas\u0131d\u0131r. Bu sayede, kullan\u0131c\u0131lar ilgi alanlar\u0131na hitap eden videolar\u0131 se\u00e7erek \u00f6\u011frenmeyi daha e\u011flenceli ve ki\u015fisel hale getirebilirler. Videolar\u0131n yan\u0131nda sunulan altyaz\u0131lar sayesinde hem dinleme hem de okuma prati\u011fi yap\u0131labilir, b\u00f6ylece \u00f6\u011frenciler dili do\u011fal bir ak\u0131\u015f i\u00e7inde \u00f6\u011frenirken anlama becerilerini g\u00fc\u00e7lendirebilirler.<\/p>\n<p>Platform ayr\u0131ca, her video i\u00e7in sunulan interaktif quizler, kelime al\u0131\u015ft\u0131rmalar\u0131 ve telaffuz \u00e7al\u0131\u015fmalar\u0131 ile \u00f6\u011frenmeyi peki\u015ftirici deneyimler sunar. \u00d6rne\u011fin, kullan\u0131c\u0131lar videoda ge\u00e7en yeni kelimeleri \u00f6\u011frenir ve anlamlar\u0131n\u0131 peki\u015ftirmek i\u00e7in interaktif testler \u00e7\u00f6zebilirler. Ayn\u0131 zamanda, kelime da\u011farc\u0131\u011f\u0131n\u0131 geli\u015ftirmek amac\u0131yla video i\u00e7indeki \u00f6nemli terimler belirginle\u015ftirilir ve anlamlar\u0131 a\u00e7\u0131klan\u0131r, b\u00f6ylece kullan\u0131c\u0131lar yeni kelimeleri do\u011fal bir ba\u011flam i\u00e7inde \u00f6\u011frenme imkan\u0131 bulurlar.<\/p>\n\n\t\t<\/div>\n\t<\/div>\n<div class=\"vc_empty_space\"   style=\"height: 10px\"><span class=\"vc_empty_space_inner\"><\/span><\/div><\/div><\/div><\/div><\/div><div class=\"vc_row wpb_row vc_row-fluid\"><div class=\"wpb_column vc_column_container vc_col-sm-12\"><div class=\"vc_column-inner\"><div class=\"wpb_wrapper\"><\/div><\/div><\/div><\/div><div class=\"vc_row wpb_row vc_row-fluid\"><div class=\"wpb_column vc_column_container vc_col-sm-12\"><div class=\"vc_column-inner\"><div class=\"wpb_wrapper\">\n\t<div class=\"wpb_text_column wpb_content_element\" >\n\t\t<div class=\"wpb_wrapper\">\n\t\t\t<p><a href=\"http:\/\/tr.englishcentral.com?utm_source=Blog&#038;utm_medium=Organic&#038;utm_campaign=IngilizceSarkilar\"><img decoding=\"async\" src=\"https:\/\/www.englishcentral.com\/blog\/wp-content\/uploads\/2023\/11\/In-post-ad-tr2-3.png\" alt=\"\" width=\"2000\" height=\"1000\" class=\"banner2\" \/><\/a><\/p>\n\n\t\t<\/div>\n\t<\/div>\n<div class=\"vc_empty_space\"   style=\"height: 10px\"><span class=\"vc_empty_space_inner\"><\/span><\/div><\/div><\/div><\/div><\/div><div class=\"vc_row wpb_row vc_row-fluid\"><div class=\"wpb_column vc_column_container vc_col-sm-12\"><div class=\"vc_column-inner\"><div class=\"wpb_wrapper\"><div class=\"vc_empty_space\"   style=\"height: 10px\"><span class=\"vc_empty_space_inner\"><\/span><\/div><\/div><\/div><\/div><\/div><div class=\"vc_row wpb_row vc_row-fluid\"><div class=\"wpb_column vc_column_container vc_col-sm-12\"><div class=\"vc_column-inner\"><div class=\"wpb_wrapper\">\n\t<div class=\"wpb_text_column wpb_content_element\" >\n\t\t<div class=\"wpb_wrapper\">\n\t\t\t<h2> 8 Mart D\u00fcnya Kad\u0131nlar Nas\u0131l Ortaya \u00c7\u0131kt\u0131?<\/h2>\n<p>8 Mart D\u00fcnya Kad\u0131nlar G\u00fcn\u00fc\u2019n\u00fcn k\u00f6kleri 1857\u2019de ger\u00e7ekle\u015fen i\u015f\u00e7i hareketinden do\u011fmu\u015ftur. Amerika\u2019n\u0131n New York \u015fehrinde tekstil sekt\u00f6r\u00fcnde \u00e7al\u0131\u015fan emek\u00e7i kad\u0131nlar\u0131n, kendilerine verilen d\u00fc\u015f\u00fck \u00fccretler, uzun \u00e7al\u0131\u015fma saatleri ve insanl\u0131k d\u0131\u015f\u0131 \u00e7al\u0131\u015fma ko\u015fullar\u0131na kar\u015f\u0131 protesto etmesiyle ba\u015flam\u0131\u015ft\u0131r. Bu protestolar esnas\u0131nda \u00e7\u0131kan yang\u0131nda, polis barikatlar\u0131 y\u00fcz\u00fcnden ka\u00e7amayan 129 i\u015f\u00e7i hayat\u0131n\u0131 kaybetmi\u015ftir.<\/p>\n<p>Bu yas sonras\u0131, 1910 y\u0131l\u0131nda Danimarka\u2019da d\u00fczenlenen II. Enternasyonal Kad\u0131nlar Toplant\u0131s\u0131\u2019nda, Sosyal Demokrat Parti\u2019nin \u00f6nde gelen isimlerinden Clara Zetkin\u2019in \u00f6nerisiyle, 8 Mart 1857\u2019deki tekstil fabrikas\u0131 yang\u0131n\u0131nda hayat\u0131n\u0131 kaybeden kad\u0131n i\u015f\u00e7ilerin an\u0131s\u0131na \u201cUluslararas\u0131 Kad\u0131nlar G\u00fcn\u00fc\u201d ilan edilmesi oybirli\u011fiyle kabul edilmi\u015ftir.<\/p>\n<p>1960\u2019lar\u0131n sonunda Amerika Birle\u015fik Devletleri\u2019nde kutlanmaya ba\u015flanmas\u0131yla daha geni\u015f bir g\u00fcndem kazanm\u0131\u015ft\u0131r. Birle\u015fmi\u015f Milletler Genel Kurulu, 16 Aral\u0131k 1977\u2019de 8 Mart\u2019\u0131n \u201cUluslararas\u0131 Kad\u0131nlar G\u00fcn\u00fc\u201d olarak an\u0131lmas\u0131n\u0131 resmen kabul etmi\u015ftir. Genel Kurul, 8 Mart\u2019\u0131 New York\u2019taki hayat\u0131n\u0131 kaybeden i\u015f\u00e7ilere dayand\u0131rmam\u0131\u015f , bug\u00fcn\u00fcn ilan edilmesine dayanak olarak d\u00fcnya bar\u0131\u015f\u0131n\u0131 ve sosyal kalk\u0131nmay\u0131 korumay\u0131, insan haklar\u0131n\u0131 g\u00fc\u00e7lendirmeyi ve kad\u0131nlara daha fazla e\u015fitlik ile \u00f6zg\u00fcrl\u00fck alan\u0131 sa\u011flamay\u0131 ama\u00e7lam\u0131\u015ft\u0131r. Kad\u0131nlara e\u015fit haklar verilmesinin d\u00fcnya bar\u0131\u015f\u0131n\u0131 g\u00fc\u00e7lendirece\u011fi kabul edilmi\u015ftir.<\/p>\n<h2> 8 Mart D\u00fcnya Kad\u0131nlar G\u00fcn\u00fc Mesajlar\u0131<\/h2>\n<p>Bu tarihsel m\u00fccadeleyi hat\u0131rlad\u0131ktan sonra, \u015fimdi hayat\u0131n\u0131zdaki  ilham veren ve de\u011ferli kad\u0131nlara g\u00f6nderebilece\u011finiz 8 Mart D\u00fcnya Kad\u0131nlar G\u00fcn\u00fc mesajlar\u0131na birlikte g\u00f6z atal\u0131m.<\/p>\n<p><strong>&#8211; Happy International Women\u2019s Day! <\/strong><br \/>(Mutlu D\u00fcnya Kad\u0131nlar G\u00fcn\u00fc!)<\/p>\n<p><strong>&#8211; <\/strong><strong>Happy Women&#8217;s Day, who always make the world beautiful and livable.<\/strong><br \/>(D\u00fcnyay\u0131 her zaman daha g\u00fczel ve ya\u015fanabilir k\u0131lan kad\u0131nlar\u0131n Kad\u0131nlar G\u00fcn\u00fc kutlu olsun.)<\/p>\n<p><strong>&#8211; <<\/strong>strong>The woman is free; she is a fighter. I am always with you as you walk this path.<\/strong><br \/>(Kad\u0131n \u00f6zg\u00fcrd\u00fcr; m\u00fccadelecidir. Bu yolda y\u00fcr\u00fcrken her zaman yan\u0131nday\u0131m.)<\/p>\n<p><strong>&#8211; You&#8217;ve always held my hand in this life. I wish you to always be by my side, and I congratulate Women&#8217;s Day.<\/strong><br \/>(Bu hayatta her zaman elimi tuttun. Hep yan\u0131mda olman\u0131 diliyorum. Kad\u0131nlar G\u00fcn\u00fc&#8217;n kutlu olsun.)<\/p>\n<p><strong>&#8211; Wishing you a more equal world, happy day.<\/strong><br \/>(Daha e\u015fit bir d\u00fcnya dile\u011fiyle, Kad\u0131nlar G\u00fcn\u00fc&#8217;n kutlu olsun.)<\/p>\n<p><strong>&#8211; The power of women creates a new world. I congratulate Women&#8217;s Day with my wish for a more equal and free world.<\/strong><br \/>(Kad\u0131nlar\u0131n g\u00fcc\u00fc yeni bir d\u00fcnya yarat\u0131r. Daha e\u015fit ve \u00f6zg\u00fcr bir d\u00fcnya dile\u011fiyle Kad\u0131nlar G\u00fcn\u00fc&#8217;n\u00fc kutluyorum.)<\/p>\n<p><strong>&#8211; Thank you for reflecting the beauty within you on our environment. I congratulate Women&#8217;s Day with the wish for a beautiful world.<\/strong><br \/>(\u0130\u00e7indeki g\u00fczelli\u011fi \u00e7evrene yans\u0131tt\u0131\u011f\u0131n i\u00e7in te\u015fekk\u00fcr ederim. G\u00fczel bir d\u00fcnya dile\u011fiyle Kad\u0131nlar G\u00fcn\u00fcn kutlu olsun.)<\/p>\n<p><strong>&#8211; My dear friend, always be by my side. I celebrate Women&#8217;s Day and wish to be shoulder to shoulder always.<\/strong><br \/>(Can\u0131m arkada\u015f\u0131m, hep yan\u0131mda ol. Kad\u0131nlar G\u00fcn\u00fc&#8217;n\u00fc kutluyor ve her zaman omuz omuza olmay\u0131 diliyorum.)<\/p>\n<p><strong>&#8211; You are the strongest woman I know. My dear friend, always stand up for life, happy day.<\/strong><br \/>(Tan\u0131d\u0131\u011f\u0131m en g\u00fc\u00e7l\u00fc kad\u0131n sensin. Can\u0131m arkada\u015f\u0131m, her zaman dimdik dur. Kad\u0131nlar G\u00fcn\u00fcn kutlu olsun.)<\/p>\n<p><strong>&#8211; Thank you for everything you add to my life with your strength. I love you so much my dear, happy day.<\/strong><br \/>(G\u00fcc\u00fcnle hayat\u0131ma katt\u0131\u011f\u0131n her \u015fey i\u00e7in te\u015fekk\u00fcr ederim. Seni \u00e7ok seviyorum can\u0131m, Kad\u0131nlar G\u00fcn\u00fcn kutlu olsun.)<\/p>\n<p><strong>&#8211; I know I can&#8217;t repay your hard work. Just know that I love you very much. Don&#8217;t miss out on your smile on this special day. Happy women&#8217;s day.<\/strong><br \/>(Emeklerinin kar\u015f\u0131l\u0131\u011f\u0131n\u0131 asla \u00f6deyemem biliyorum. Seni \u00e7ok sevdi\u011fimi bil yeter. Bu \u00f6zel g\u00fcnde g\u00fcl\u00fc\u015f\u00fcn\u00fc eksik etme. Kad\u0131nlar G\u00fcn\u00fcn kutlu olsun.)<\/p>\n<p><strong>&#8211; Let it be a Women&#8217;s Day that we celebrate shoulder to shoulder.<\/strong><br \/>(Omuz omuza kutlayaca\u011f\u0131m\u0131z bir Kad\u0131nlar G\u00fcn\u00fc olsun.)<\/p>\n<p><strong>&#8211; We will build a better world together, my dear friend. I congratulate you on Women&#8217;s Day and wish you success in achieving your goals.<\/strong><br \/>(Daha iyi bir d\u00fcnyay\u0131 birlikte kuraca\u011f\u0131z can\u0131m arkada\u015f\u0131m. Kad\u0131nlar G\u00fcn\u00fc&#8217;n\u00fc kutluyor, hedeflerine ula\u015fmanda ba\u015far\u0131lar diliyorum.)<\/p>\n<p><strong>&#8211; Happy day to the beautiful woman who stole my heart.<\/strong><br \/>(Kalbimi \u00e7alan g\u00fczel kad\u0131n\u0131n Kad\u0131nlar G\u00fcn\u00fc kutlu olsun.)<\/p>\n<p><strong>&#8211; Darling, telling you this word is the best gift for me. I wish to be together on this special day, and on all other days, I wish you a happy day.<\/strong><br \/>(Sevgilim, bunu sana s\u00f6ylemek benim i\u00e7in en g\u00fczel hediye. Bu \u00f6zel g\u00fcnde ve t\u00fcm g\u00fcnlerde birlikte olmay\u0131 diliyorum. Kad\u0131nlar G\u00fcn\u00fcn kutlu olsun.)<\/p>\n<p><strong>&#8211; I wish you a happy day, my dear, with the hope of better tomorrows.<\/strong><br \/>(Daha g\u00fczel ve \u00f6zg\u00fcr yar\u0131nlar umuduyla Kad\u0131nlar G\u00fcn\u00fcn kutlu olsun birtanem.)<\/p>\n<h2>Kad\u0131nlar Taraf\u0131ndan S\u00f6ylenmi\u015f \u00d6zl\u00fc S\u00f6zler<\/h2>\n<p>\u0130\u015fte kad\u0131nlar\u0131n kendi kaleminden ve kendi sesinden \u00f6zl\u00fc s\u00f6zler!<\/p>\n<p><em><strong>\u2018\u2019Each time a woman stands up for herself, without knowing it possibly, without claiming it, she stands up for all women. \u2018\u2019<\/strong><\/em> \u2013 Maya  Angelou<\/p>\n<p>(Bir kad\u0131n kendisi i\u00e7in sesini y\u00fckseltti\u011finde , belki fark\u0131nda olmadan , asl\u0131nda t\u00fcm kad\u0131nlar ad\u0131na da duru\u015f sergiler.)<\/p>\n<p><strong><em>\u201cThere is always light, if only we\u2019re brave enough to see it. If only we\u2019re brave enough to be it.\u201d<\/em> <\/strong> \u2013Amanda Gorman<\/p>\n<p>(G\u00f6rmeye cesaret edersek her zaman bir \u0131\u015f\u0131k vard\u0131r. O \u0131\u015f\u0131\u011f\u0131n kendisi olmaya cesaret edersek.)<\/p>\n<p><em><strong>\u201cWhen anyone tells me I can\u2019t do anything \u2026 I\u2019m just not listening anymore.\u201d <\/strong><\/em> \u2013Florence Griffith Joyner<\/p>\n<p>(Biri bana bir \u015feyi yapamayaca\u011f\u0131m\u0131 s\u00f6yledi\u011finde\u2026 art\u0131k kulak vermiyorum.)<\/p>\n<p><strong><em>\u201cNothing is impossible. The word itself says, \u2018I\u2019m possible!\u2019\u201d <\/em><\/strong> \u2013Audrey Hepburn<\/p>\n<p>(Hi\u00e7bir \u015fey imkans\u0131z de\u011fildir. Kelimenin kendisi bile f\u0131s\u0131ldar, \u201cBen m\u00fcmk\u00fcn\u00fcm.\u201d)<\/p>\n<p><em><strong>\u2018\u2019No person is your friend who demands your silence, or denies your right to grow.\u2019\u2019<\/strong><\/em><br \/>\u2013 Alice Walker<\/p>\n<p>(Sessizli\u011fini isteyen ya da b\u00fcy\u00fcme hakk\u0131n\u0131 elinden alan hi\u00e7 kimse dostun de\u011fildir.)<\/p>\n<p><strong><em>\u201cWe cannot change what we are not aware of, and once we are aware, we cannot help but change.\u201d<\/em> <\/strong> \u2013Sheryl Sandberg<\/p>\n<p>(Fark\u0131nda olmad\u0131\u011f\u0131m\u0131z\u0131 de\u011fi\u015ftiremeyiz, ve fark etti\u011fimizde ise de\u011fi\u015fim ka\u00e7\u0131n\u0131lmazd\u0131r.)<\/p>\n<p><strong><em>\u201cI dwell in possibility.\u201d<\/em><\/strong>  \u2013Emily Dickinson<\/p>\n<p>(Ben (s\u0131n\u0131rlar\u0131n de\u011fil) olas\u0131l\u0131klar\u0131n i\u00e7inde ya\u015far\u0131m.)<\/p>\n<p><strong><em>\u2018\u2019Women, they have minds, and they have souls, as well as just hearts. And they\u2019ve got ambition, and they\u2019ve got talent, as well as just beauty. I\u2019m so sick of people saying that love is all a woman is fit for.\u201d <\/em><\/strong> \u2013 Louisa May Alcott, Little Women (said by character Jo March) <\/p>\n<p>(Kad\u0131nlar\u0131n yaln\u0131zca kalpleri de\u011fil, zihinleri ve ruhlar\u0131 da vard\u0131r. Yaln\u0131zca g\u00fczellikleri de\u011fil, h\u0131rslar\u0131 ve yetenekleri de\u2026 Bir kad\u0131n\u0131n tek uygun oldu\u011fu \u015feyin a\u015fk oldu\u011funu s\u00f6ylemelerinden b\u0131kt\u0131m.)<\/p>\n<p><strong><em>\u201cWomen belong in all places where decisions are being made. It shouldn\u2019t be that women are the exception.\u201d<\/em><\/strong> \u2013 Ruth Bader Ginsburg <\/p>\n<p>(Kararlar\u0131n al\u0131nd\u0131\u011f\u0131 her yerde kad\u0131nlar da olmal\u0131d\u0131r. Kad\u0131n olmak bir istisna de\u011fil, bir varl\u0131kt\u0131r.)<\/p>\n<p><strong><em>\u201cI am not free while any woman is unfree, even when her shackles are very different from my own.\u201d <\/em><\/strong>\u2013 Audre Lorde <\/p>\n<p>(Herhangi bir kad\u0131n zincirliyken ben de \u00f6zg\u00fcr say\u0131lmam, onun zincirleri benimkilerden farkl\u0131 olsa bile.)<\/p>\n<p><strong><em>\u201cWe realize the importance of our voice when we are silenced.\u201d <\/em><\/strong>\u2013 Malala Yousafzai <\/p>\n<p>(Sesimizin de\u011ferini, susturuldu\u011fumuzda anlar\u0131z.)<\/p>\n<p><strong><em>\u201cHuman rights are women\u2019s rights, and women\u2019s rights are human rights.\u201d<\/em> <\/strong>\u2013 Hillary Clinton <\/p>\n<p>(\u0130nsan haklar\u0131 kad\u0131n haklar\u0131d\u0131r, kad\u0131n haklar\u0131 da insan haklar\u0131d\u0131r.)<\/p>\n<p><strong><em>\u201cI\u2019ve never been interested in being invisible and erased.\u201d <\/em><\/strong>\u2013 Laverne Cox <\/p>\n<p>(G\u00f6r\u00fcnmez olmay\u0131 ya da silinmeyi hi\u00e7bir zaman kabul etmedim.)<\/p>\n<p><strong><em>\u201cWomen are like teabags. We don\u2019t know our true strength until we are in hot water.\u201d<\/em><\/strong> \u2013 Eleanor Roosevelt <\/p>\n<p>(Kad\u0131nlar \u00e7ay po\u015fetleri gibidir; kaynar sulara girmeden ger\u00e7ek g\u00fc\u00e7lerini bilemezler.)<\/p>\n<p><strong><em>\u201cFeminism isn\u2019t about making women strong. Women are already strong. It\u2019s about changing the way the world perceives that strength.\u201d<\/em><\/strong> \u2013 G.D. Anderson <\/p>\n<p>(Feminizm kad\u0131nlar\u0131 g\u00fc\u00e7l\u00fc k\u0131lmak de\u011fildi. Kad\u0131nlar zaten g\u00fc\u00e7l\u00fcd\u00fcr. Mesele, d\u00fcnyan\u0131n o g\u00fcc\u00fc nas\u0131l g\u00f6rd\u00fc\u011f\u00fcn\u00fc de\u011fi\u015ftirmektir.)<br \/><strong><br \/><em>\u201cDo not live someone else\u2019s life and someone else\u2019s idea of what womanhood is. Womanhood is you.\u201d<\/em><\/strong> \u2013 Viola Davis <\/p>\n<p>(Ba\u015fkas\u0131n\u0131n hayat\u0131n\u0131 ya da ba\u015fkas\u0131n\u0131n kad\u0131nl\u0131k tan\u0131m\u0131n\u0131 ya\u015famay\u0131n. Kad\u0131nl\u0131k sensin.)<\/p>\n<p><strong><em>\u201cThey\u2019ll tell you you\u2019re too loud, that you need to wait your turn and ask the right people for permission. Do it anyway.\u201d<\/em><\/strong> \u2013 Alexandria Ocasio-Cortez <\/p>\n<p>(Sana \u00e7ok y\u00fcksek sesli oldu\u011funu, s\u0131ran\u0131 beklemen gerekti\u011fini ve do\u011fru ki\u015filerden izin alman gerekti\u011fini s\u00f6yleyecekler. Sen yine de yap.)<\/p>\n<p><strong><em>\u201cI am grateful to be a woman. I must have done something great in another life.\u201d<\/em> <\/strong>\u2013 Maya Angelou <\/p>\n<p>(Kad\u0131n oldu\u011fum i\u00e7in minnettar\u0131m. Demek ki ba\u015fka bir hayatta g\u00fczel bir iz b\u0131rakm\u0131\u015f\u0131m.)<\/p>\n<p><strong><em>\u201cI have learned you are never too small to make a difference.\u201d<\/em><\/strong> \u2013 Greta Thunberg <\/p>\n<p>(Bir fark yaratmak i\u00e7in asla fazla k\u00fc\u00e7\u00fck olmad\u0131\u011f\u0131m\u0131z\u0131 \u00f6\u011frendim.)<\/p>\n<p><strong><em>\u2018\u2019\u2026A woman like that is not ashamed to die. I have been her kind.\u2019\u2019<\/em><\/strong> \u2013 Anne Sexton<\/p>\n<p>(B\u00f6yle bir kad\u0131n \u00f6lmekten utanmaz. Ben de onun gibiydim.)<\/p>\n\n\t\t<\/div>\n\t<\/div>\n<\/div><\/div><\/div><\/div><div class=\"vc_row wpb_row vc_row-fluid\"><div class=\"wpb_column vc_column_container vc_col-sm-12\"><div class=\"vc_column-inner\"><div class=\"wpb_wrapper\"><div class=\"vc_empty_space\"   style=\"height: 15px\"><span class=\"vc_empty_space_inner\"><\/span><\/div>\n\t<div class=\"wpb_text_column wpb_content_element\" >\n\t\t<div class=\"wpb_wrapper\">\n\t\t\t<h2>8 Mart D\u00fcnya Kad\u0131nlar G\u00fcn\u00fc Hakk\u0131nda S\u0131k\u00e7a Sorulan Sorular <\/h2>\n<p>\u0130\u015fte 8 Mart D\u00fcnya Kad\u0131nlar G\u00fcn\u00fc hakk\u0131nda en s\u0131k sorulan sorular:<\/p>\n<h3>8 Mart D\u00fcnya Kad\u0131nlar G\u00fcn\u00fc neden kutlan\u0131r?<\/h3>\n<p>8 Mart, kad\u0131nlar\u0131n e\u015fitlik, \u00f6zg\u00fcrl\u00fck ve adil \u00e7al\u0131\u015fma ko\u015fullar\u0131 i\u00e7in verdikleri m\u00fccadelenin an\u0131lmas\u0131 amac\u0131yla kutlan\u0131r. Ayn\u0131 zamanda kad\u0131n haklar\u0131na dikkat \u00e7ekmek i\u00e7in \u00f6nemli bir g\u00fcnd\u00fcr.<\/p>\n<h3> 8 Mart\u2019\u0131n tarihsel k\u00f6keni nedir?<\/h3>\n<p>8 Mart\u2019\u0131n k\u00f6keni, 1857 y\u0131l\u0131nda New York\u2019ta tekstil i\u015f\u00e7isi kad\u0131nlar\u0131n ba\u015flatt\u0131\u011f\u0131 protestolara dayanmaktad\u0131r. Bu olay, kad\u0131n haklar\u0131 m\u00fccadelesinin sembollerinden biri haline gelmi\u015ftir.<\/p>\n<h3>8 Mart sadece bir kutlama g\u00fcn\u00fc m\u00fcd\u00fcr?<\/h3>\n<p>Hay\u0131r. 8 Mart yaln\u0131zca bir kutlama g\u00fcn\u00fc de\u011fil, ayn\u0131 zamanda kad\u0131n haklar\u0131 konusunda fark\u0131ndal\u0131k olu\u015fturma ve e\u015fitlik m\u00fccadelesini hat\u0131rlama g\u00fcn\u00fcd\u00fcr.<\/p>\n<h3>8 Mart resmi olarak ne zaman kabul edilmi\u015ftir?<\/h3>\n<p>Birle\u015fmi\u015f Milletler, 1977 y\u0131l\u0131nda 8 Mart\u2019\u0131 \u201cUluslararas\u0131 Kad\u0131nlar G\u00fcn\u00fc\u201d olarak resmen kabul etmi\u015ftir.<\/p>\n<p><script type=\"application\/ld+json\">{\"@context\":\"https:\/\/schema.org\",\"@type\":\"FAQPage\",\"mainEntity\":[{\"@type\":\"Question\",\"name\":\" 8 Mart D\u00fcnya Kad\u0131nlar G\u00fcn\u00fc neden kutlan\u0131r?<\/p>\n<p>\",\"acceptedAnswer\":{\"@type\":\"Answer\",\"text\":\"8 Mart, kad\u0131nlar\u0131n e\u015fitlik, \u00f6zg\u00fcrl\u00fck ve adil \u00e7al\u0131\u015fma ko\u015fullar\u0131 i\u00e7in verdikleri m\u00fccadelenin an\u0131lmas\u0131 amac\u0131yla kutlan\u0131r. Ayn\u0131 zamanda kad\u0131n haklar\u0131na dikkat \u00e7ekmek i\u00e7in \u00f6nemli bir g\u00fcnd\u00fcr.<\/p>\n<p>\"}},{\"@type\":\"Question\",\"name\":\" 8 Mart\u2019\u0131n tarihsel k\u00f6keni nedir?\n\",\"acceptedAnswer\":{\"@type\":\"Answer\",\"text\":\"8 Mart\u2019\u0131n k\u00f6keni, 1857 y\u0131l\u0131nda New York\u2019ta tekstil i\u015f\u00e7isi kad\u0131nlar\u0131n ba\u015flatt\u0131\u011f\u0131 protestolara dayanmaktad\u0131r. Bu olay, kad\u0131n haklar\u0131 m\u00fccadelesinin sembollerinden biri haline gelmi\u015ftir.\n\"}},{\"@type\":\"Question\",\"name\":\"8 Mart sadece bir kutlama g\u00fcn\u00fc m\u00fcd\u00fcr?\n\",\"acceptedAnswer\":{\"@type\":\"Answer\",\"text\":\"Hay\u0131r. 8 Mart yaln\u0131zca bir kutlama g\u00fcn\u00fc de\u011fil, ayn\u0131 zamanda kad\u0131n haklar\u0131 konusunda fark\u0131ndal\u0131k olu\u015fturma ve e\u015fitlik m\u00fccadelesini hat\u0131rlama g\u00fcn\u00fcd\u00fcr.\n\"}},{\"@type\":\"Question\",\"name\":\" 8 Mart resmi olarak ne zaman kabul edilmi\u015ftir?\",\"acceptedAnswer\":{\"@type\":\"Answer\",\"text\":\"Birle\u015fmi\u015f Milletler, 1977 y\u0131l\u0131nda 8 Mart\u2019\u0131 \u201cUluslararas\u0131 Kad\u0131nlar G\u00fcn\u00fc\u201d olarak resmen kabul etmi\u015ftir.<\/p>\n<p>\"}}]}<\/script><\/p>\n\n\t\t<\/div>\n\t<\/div>\n<\/div><\/div><\/div><\/div><div class=\"vc_row wpb_row vc_row-fluid\"><div class=\"wpb_column vc_column_container vc_col-sm-12\"><div class=\"vc_column-inner\"><div class=\"wpb_wrapper\"><div class=\"vc_empty_space\"   style=\"height: 10px\"><span class=\"vc_empty_space_inner\"><\/span><\/div><\/div><\/div><\/div><\/div><div class=\"vc_row wpb_row vc_row-fluid\"><div class=\"wpb_column vc_column_container vc_col-sm-12\"><div class=\"vc_column-inner\"><div class=\"wpb_wrapper\">\n\t<div class=\"wpb_text_column wpb_content_element\" >\n\t\t<div class=\"wpb_wrapper\">\n\t\t\t<p>\u00d6\u011frendiklerinizi prati\u011fe d\u00f6kmek ister misiniz? <a style=\"color:red\" class=\"sarki-link\" href=\"http:\/\/tr.englishcentral.com?utm_source=Blog&#038;utm_medium=Organic&#038;utm_campaign=IngilizceGramer\">\u0130ngilizce \u00f6\u011fren<\/a>mek i\u00e7in ihtiyac\u0131n\u0131z olan her \u015feye tek bir platform \u00fczerinden ula\u015fabilirsiniz! <a style=\"color:red\" class=\"sarki-link\" href=\"http:\/\/tr.englishcentral.com?utm_source=Blog&#038;utm_medium=Organic&#038;utm_campaign=IngilizceGramer\">25 dakikal\u0131k bire bir canl\u0131 dersler<\/a>, 40 dakikal\u0131k grup dersleri, 30.000\u2019den fazla interaktif videolar, kelime \u00f6\u011frenme ara\u00e7lar\u0131, yapay zeka destekli \u00f6\u011fretmen MiMi, quizler ve interaktif aktiviteler ile <a style=\"color:red\" class=\"sarki-link\" href=\"http:\/\/tr.englishcentral.com\">EnglishCentral<\/a>, kullan\u0131c\u0131lar\u0131na ki\u015fiselle\u015ftirilmi\u015f ve kaliteli bir e\u011fitim plan\u0131n\u0131 uygun fiyatl\u0131 olarak sunmaktad\u0131r. Hemen <a style=\"color:red\" class=\"sarki-link\" href=\"http:\/\/tr.englishcentral.com\">EnglishCentral<\/a>\u2019a kay\u0131t olup \u0130ngilizce \u00f6\u011frenmeye ba\u015flamaya ne dersiniz?<\/p>\n\n\t\t<\/div>\n\t<\/div>\n<\/div><\/div><\/div><\/div><div class=\"vc_row wpb_row vc_row-fluid\"><div class=\"wpb_column vc_column_container vc_col-sm-12\"><div class=\"vc_column-inner\"><div class=\"wpb_wrapper\"><div class=\"vc_empty_space\"   style=\"height: 20px\"><span class=\"vc_empty_space_inner\"><\/span><\/div><\/div><\/div><\/div><\/div><div class=\"vc_row wpb_row vc_row-fluid\"><div class=\"wpb_column vc_column_container vc_col-sm-12\"><div class=\"vc_column-inner\"><div class=\"wpb_wrapper\">\n\t<div class=\"wpb_text_column wpb_content_element\" >\n\t\t<div class=\"wpb_wrapper\">\n\t\t\t<p><a href=\"http:\/\/tr.englishcentral.com?utm_source=Blog&#038;utm_medium=Organic&#038;utm_campaign=IngilizceSarkilar\"><img decoding=\"async\" src=\"https:\/\/www.englishcentral.com\/blog\/wp-content\/uploads\/2023\/11\/In-post-ad-tr3-2.png\" alt=\"\" width=\"2000\" height=\"1000\" class=\"banner2\" \/><\/a><\/p>\n\n\t\t<\/div>\n\t<\/div>\n<\/div><\/div><\/div><\/div><div class=\"vc_row wpb_row vc_row-fluid\"><div class=\"wpb_column vc_column_container vc_col-sm-12\"><div class=\"vc_column-inner\"><div class=\"wpb_wrapper\"><div class=\"vc_empty_space\"   style=\"height: 32px\"><span class=\"vc_empty_space_inner\"><\/span><\/div><\/div><\/div><\/div><\/div>\n<\/div>","yb_wpb_post_custom_css":""},"excerpt":{"rendered":"<p> &#8230; <a title=\"8 Mart D\u00fcnya Kad\u0131nlar G\u00fcn\u00fc Tarih\u00e7esi\" class=\"read-more\" href=\"https:\/\/www.englishcentral.com\/blog\/8-mart-dunya-kadinlar-gunu-tarihcesi\/\" aria-label=\"More on 8 Mart D\u00fcnya Kad\u0131nlar G\u00fcn\u00fc Tarih\u00e7esi\">Read more<\/a><\/p>\n","protected":false},"author":37,"featured_media":68314,"comment_status":"closed","ping_status":"closed","sticky":false,"template":"","format":"standard","meta":{"footnotes":""},"categories":[27],"tags":[],"class_list":["post-68326","post","type-post","status-publish","format-standard","has-post-thumbnail","hentry","category-gunluk-ingilizce","generate-columns","tablet-grid-50","mobile-grid-100","grid-parent","grid-33"],"image_url":"https:\/\/www.englishcentral.com\/blog\/wp-content\/uploads\/2026\/02\/8-Mart-Dunya-Kadinlar-Gunu-Tarihcesi.webp","author_name":"EnglishCentral Intern 1","_links":{"self":[{"href":"https:\/\/www.englishcentral.com\/blog\/wp-json\/wp\/v2\/posts\/68326","targetHints":{"allow":["GET"]}}],"collection":[{"href":"https:\/\/www.englishcentral.com\/blog\/wp-json\/wp\/v2\/posts"}],"about":[{"href":"https:\/\/www.englishcentral.com\/blog\/wp-json\/wp\/v2\/types\/post"}],"author":[{"embeddable":true,"href":"https:\/\/www.englishcentral.com\/blog\/wp-json\/wp\/v2\/users\/37"}],"replies":[{"embeddable":true,"href":"https:\/\/www.englishcentral.com\/blog\/wp-json\/wp\/v2\/comments?post=68326"}],"version-history":[{"count":1,"href":"https:\/\/www.englishcentral.com\/blog\/wp-json\/wp\/v2\/posts\/68326\/revisions"}],"predecessor-version":[{"id":68327,"href":"https:\/\/www.englishcentral.com\/blog\/wp-json\/wp\/v2\/posts\/68326\/revisions\/68327"}],"wp:featuredmedia":[{"embeddable":true,"href":"https:\/\/www.englishcentral.com\/blog\/wp-json\/wp\/v2\/media\/68314"}],"wp:attachment":[{"href":"https:\/\/www.englishcentral.com\/blog\/wp-json\/wp\/v2\/media?parent=68326"}],"wp:term":[{"taxonomy":"category","embeddable":true,"href":"https:\/\/www.englishcentral.com\/blog\/wp-json\/wp\/v2\/categories?post=68326"},{"taxonomy":"post_tag","embeddable":true,"href":"https:\/\/www.englishcentral.com\/blog\/wp-json\/wp\/v2\/tags?post=68326"}],"curies":[{"name":"wp","href":"https:\/\/api.w.org\/{rel}","templated":true}]}}